{"id":12389,"date":"2025-01-17T09:13:22","date_gmt":"2025-01-17T08:13:22","guid":{"rendered":"https:\/\/entretormentas.com\/?p=12389"},"modified":"2025-01-17T09:13:22","modified_gmt":"2025-01-17T08:13:22","slug":"deporte-para-san-francisco-imdep-presenta-sus-objetivos-para-el-2025-en-su-primera-asamblea-general","status":"publish","type":"post","link":"https:\/\/entretormentas.com\/deporte-para-san-francisco-imdep-presenta-sus-objetivos-para-el-2025-en-su-primera-asamblea-general\/","title":{"rendered":"\u00a1DEPORTE PARA SAN FRANCISCO! IMDEP presenta sus objetivos para el 2025 en su primera Asamblea General"},"content":{"rendered":"\n<p><strong>ENTRE TORMENTAS.<\/strong> En la primera Asamblea General del a\u00f1o, el Instituto P\u00fablico Municipal de Deporte present\u00f3 las metas y objetivos para el 2025, en el Gimnasio de Levantamiento de Pesas, reafirmando su compromiso con el desarrollo deportivo y recreativo en San Francisco.<\/p>\n\n\n\n<p>Durante esta reuni\u00f3n, donde acudieron entrenadores, monitores y personal administrativo del IMDEP, se discutieron las estrategias y t\u00e1cticas para alcanzar estos objetivos a trav\u00e9s de una agenda estructurada que destaca programas como \u201cSan Francisco se Mueve\u201d, \u201cSan Francisco en Movimiento\/Desaf\u00edos Funcionales y Recreativos\u201d los cuales buscan fomentar la actividad f\u00edsica, recreativa y social en el municipio brind\u00e1ndole a los ciudadanos un estilo de vida saludable.<\/p>\n\n\n\n<p>Gerardo Mu\u00f1oz, directivo del IMDEP, destac\u00f3 la importancia de planificar actividades semanales, mensuales y anuales con el prop\u00f3sito de atender a miles de habitantes del municipio y superar las cifras del a\u00f1o anterior donde se atendieron m\u00e1s de 80 mil personas en la jurisdicci\u00f3n. De igual manera, se destac\u00f3 el compromiso del instituto con posicionar a San Francisco como un referente en gesti\u00f3n deportiva a nivel regional.<br><strong><em>ET \/ Prensa IMDEP<\/em><\/strong><\/p>\n","protected":false},"excerpt":{"rendered":"<p>ENTRE TORMENTAS. En la primera Asamblea General del a\u00f1o, el Instituto P\u00fablico Municipal de Deporte&#8230;<\/p>\n","protected":false},"author":2,"featured_media":12390,"comment_status":"closed","ping_status":"open","sticky":false,"template":"","format":"standard","meta":{"footnotes":""},"categories":[53],"tags":[],"class_list":["post-12389","post","type-post","status-publish","format-standard","has-post-thumbnail","hentry","category-deportes"],"_links":{"self":[{"href":"https:\/\/entretormentas.com\/index.php?rest_route=\/wp\/v2\/posts\/12389","targetHints":{"allow":["GET"]}}],"collection":[{"href":"https:\/\/entretormentas.com\/index.php?rest_route=\/wp\/v2\/posts"}],"about":[{"href":"https:\/\/entretormentas.com\/index.php?rest_route=\/wp\/v2\/types\/post"}],"author":[{"embeddable":true,"href":"https:\/\/entretormentas.com\/index.php?rest_route=\/wp\/v2\/users\/2"}],"replies":[{"embeddable":true,"href":"https:\/\/entretormentas.com\/index.php?rest_route=%2Fwp%2Fv2%2Fcomments&post=12389"}],"version-history":[{"count":1,"href":"https:\/\/entretormentas.com\/index.php?rest_route=\/wp\/v2\/posts\/12389\/revisions"}],"predecessor-version":[{"id":12392,"href":"https:\/\/entretormentas.com\/index.php?rest_route=\/wp\/v2\/posts\/12389\/revisions\/12392"}],"wp:featuredmedia":[{"embeddable":true,"href":"https:\/\/entretormentas.com\/index.php?rest_route=\/wp\/v2\/media\/12390"}],"wp:attachment":[{"href":"https:\/\/entretormentas.com\/index.php?rest_route=%2Fwp%2Fv2%2Fmedia&parent=12389"}],"wp:term":[{"taxonomy":"category","embeddable":true,"href":"https:\/\/entretormentas.com\/index.php?rest_route=%2Fwp%2Fv2%2Fcategories&post=12389"},{"taxonomy":"post_tag","embeddable":true,"href":"https:\/\/entretormentas.com\/index.php?rest_route=%2Fwp%2Fv2%2Ftags&post=12389"}],"curies":[{"name":"wp","href":"https:\/\/api.w.org\/{rel}","templated":true}]}}