{"id":12393,"date":"2025-01-17T09:15:37","date_gmt":"2025-01-17T08:15:37","guid":{"rendered":"https:\/\/entretormentas.com\/?p=12393"},"modified":"2025-01-17T09:15:37","modified_gmt":"2025-01-17T08:15:37","slug":"aclaratoria-vereda-del-lago-recuerda-que-el-uso-de-los-estacionamientos-en-el-parque-es-gratuito","status":"publish","type":"post","link":"https:\/\/entretormentas.com\/aclaratoria-vereda-del-lago-recuerda-que-el-uso-de-los-estacionamientos-en-el-parque-es-gratuito\/","title":{"rendered":"\u00a1ACLARATORIA! Vereda del Lago recuerda que el uso de los estacionamientos en el parque es gratuito"},"content":{"rendered":"\n<p><strong>ENTRE TORMENTAS. <\/strong>La Alcald\u00eda de Maracaibo a trav\u00e9s del Servicio Desconcentrado Parque La Vereda del Lago (SEDEVEL) informa a los visitantes de este reconocido lugar natural de recreaci\u00f3n y deporte que el uso de los siete estacionamientos es gratuito.<\/p>\n\n\n\n<p>La aclaratoria surge ante la situaci\u00f3n de que terceras personas intentan lucrase con el cobro de los espacios de estacionamiento, una pr\u00e1ctica que no est\u00e1 autorizada por la administraci\u00f3n y que es rechazada por las autoridades.<\/p>\n\n\n\n<p>Mar\u00eda Y\u00e1nez, directora del SEDEVEL, recalc\u00f3 que la Vereda del Lago es un campo abierto recreacional de car\u00e1cter p\u00fablico, el cual es de libre acceso. \u201cNo existe ninguna ordenanza o reglamento la obligaci\u00f3n de pago de ninguna tasa administrativa para el uso de estacionamientos del parque\u201d, detall\u00f3.<\/p>\n\n\n\n<p>Reiter\u00f3 que los estacionamientos tienen un car\u00e1cter gratuito, por lo que emplaz\u00f3 a los usuarios del parque que en caso de vivir alguna novedad de cobro irregular notificar inmediatamente a las autoridades competentes, es decir, a los funcionarios de Polimaracaibo y de SEDEVEIL, quienes proceder\u00e1 a aplicar correctivos.<\/p>\n\n\n\n<p>La Directora insisti\u00f3 que el compromiso desde la Alcald\u00eda de Maracaibo es velar por el bienestar de las miles de personas que visitan diariamente el parque y del funcionamiento \u00f3ptimo de las instalaciones que en este 2024 cumplieron 46 a\u00f1os de fundadas.<br><strong><em>ET \/ DCI Alcald\u00eda de Maracaibo<\/em><\/strong><\/p>\n","protected":false},"excerpt":{"rendered":"<p>ENTRE TORMENTAS. La Alcald\u00eda de Maracaibo a trav\u00e9s del Servicio Desconcentrado Parque La Vereda del&#8230;<\/p>\n","protected":false},"author":2,"featured_media":12394,"comment_status":"closed","ping_status":"open","sticky":false,"template":"","format":"standard","meta":{"footnotes":""},"categories":[57,1],"tags":[],"class_list":["post-12393","post","type-post","status-publish","format-standard","has-post-thumbnail","hentry","category-actualidad","category-regionales"],"_links":{"self":[{"href":"https:\/\/entretormentas.com\/index.php?rest_route=\/wp\/v2\/posts\/12393","targetHints":{"allow":["GET"]}}],"collection":[{"href":"https:\/\/entretormentas.com\/index.php?rest_route=\/wp\/v2\/posts"}],"about":[{"href":"https:\/\/entretormentas.com\/index.php?rest_route=\/wp\/v2\/types\/post"}],"author":[{"embeddable":true,"href":"https:\/\/entretormentas.com\/index.php?rest_route=\/wp\/v2\/users\/2"}],"replies":[{"embeddable":true,"href":"https:\/\/entretormentas.com\/index.php?rest_route=%2Fwp%2Fv2%2Fcomments&post=12393"}],"version-history":[{"count":1,"href":"https:\/\/entretormentas.com\/index.php?rest_route=\/wp\/v2\/posts\/12393\/revisions"}],"predecessor-version":[{"id":12395,"href":"https:\/\/entretormentas.com\/index.php?rest_route=\/wp\/v2\/posts\/12393\/revisions\/12395"}],"wp:featuredmedia":[{"embeddable":true,"href":"https:\/\/entretormentas.com\/index.php?rest_route=\/wp\/v2\/media\/12394"}],"wp:attachment":[{"href":"https:\/\/entretormentas.com\/index.php?rest_route=%2Fwp%2Fv2%2Fmedia&parent=12393"}],"wp:term":[{"taxonomy":"category","embeddable":true,"href":"https:\/\/entretormentas.com\/index.php?rest_route=%2Fwp%2Fv2%2Fcategories&post=12393"},{"taxonomy":"post_tag","embeddable":true,"href":"https:\/\/entretormentas.com\/index.php?rest_route=%2Fwp%2Fv2%2Ftags&post=12393"}],"curies":[{"name":"wp","href":"https:\/\/api.w.org\/{rel}","templated":true}]}}