{"id":12396,"date":"2025-01-17T09:18:10","date_gmt":"2025-01-17T08:18:10","guid":{"rendered":"https:\/\/entretormentas.com\/?p=12396"},"modified":"2025-01-17T09:18:10","modified_gmt":"2025-01-17T08:18:10","slug":"en-san-francisco-alcaldia-vela-por-la-seguridad-y-convivencia-ciudadana-de-sus-habitantes","status":"publish","type":"post","link":"https:\/\/entretormentas.com\/en-san-francisco-alcaldia-vela-por-la-seguridad-y-convivencia-ciudadana-de-sus-habitantes\/","title":{"rendered":"\u00a1EN SAN FRANCISCO! Alcald\u00eda vela por la seguridad y convivencia ciudadana de sus habitantes"},"content":{"rendered":"\n<p><strong>ENTRE TORMENTAS.<\/strong> La gerencia de Prevenci\u00f3n y Seguridad Ciudadana, mantiene activa su operatividad a trav\u00e9s de jornadas de concientizaci\u00f3n con charlas, talleres, conversatorios, entre otras actividades, en distintos puntos de la geograf\u00eda municipal, esto con el prop\u00f3sito de velar por la seguridad y convivencia ciudadana de los habitantes del municipio San Francisco.<\/p>\n\n\n\n<figure class=\"wp-block-image size-large\"><img fetchpriority=\"high\" decoding=\"async\" width=\"1024\" height=\"576\" src=\"https:\/\/entretormentas.com\/wp-content\/uploads\/2025\/01\/image-238-1024x576.png\" alt=\"\" class=\"wp-image-12398\" srcset=\"https:\/\/entretormentas.com\/wp-content\/uploads\/2025\/01\/image-238-1024x576.png 1024w, https:\/\/entretormentas.com\/wp-content\/uploads\/2025\/01\/image-238-300x169.png 300w, https:\/\/entretormentas.com\/wp-content\/uploads\/2025\/01\/image-238-768x432.png 768w, https:\/\/entretormentas.com\/wp-content\/uploads\/2025\/01\/image-238.png 1280w\" sizes=\"(max-width: 1024px) 100vw, 1024px\" \/><\/figure>\n\n\n\n<p>Donell Ocando, responsable de esta dependencia, se\u00f1al\u00f3 que los ciudadanos deben cumplir con las normas establecidas, interactuar civilizadamente con los semejantes, en aras de contribuir con la construcci\u00f3n de una mejor sociedad para todos.<\/p>\n\n\n\n<p>Dijo Ocando que durante el 2024 se realizaron m\u00e1s de mil actividades comunitarias incluyendo denuncias, resguardo en actividades, campa\u00f1as de adiestramiento y buenas costumbres, creando una cultura de educaci\u00f3n, conciencia y responsabilidad.<br><strong><em>ET \/ Alcald\u00eda de San Francisco<\/em><\/strong><\/p>\n","protected":false},"excerpt":{"rendered":"<p>ENTRE TORMENTAS. La gerencia de Prevenci\u00f3n y Seguridad Ciudadana, mantiene activa su operatividad a trav\u00e9s&#8230;<\/p>\n","protected":false},"author":2,"featured_media":12397,"comment_status":"closed","ping_status":"open","sticky":false,"template":"","format":"standard","meta":{"footnotes":""},"categories":[57,1],"tags":[],"class_list":["post-12396","post","type-post","status-publish","format-standard","has-post-thumbnail","hentry","category-actualidad","category-regionales"],"_links":{"self":[{"href":"https:\/\/entretormentas.com\/index.php?rest_route=\/wp\/v2\/posts\/12396","targetHints":{"allow":["GET"]}}],"collection":[{"href":"https:\/\/entretormentas.com\/index.php?rest_route=\/wp\/v2\/posts"}],"about":[{"href":"https:\/\/entretormentas.com\/index.php?rest_route=\/wp\/v2\/types\/post"}],"author":[{"embeddable":true,"href":"https:\/\/entretormentas.com\/index.php?rest_route=\/wp\/v2\/users\/2"}],"replies":[{"embeddable":true,"href":"https:\/\/entretormentas.com\/index.php?rest_route=%2Fwp%2Fv2%2Fcomments&post=12396"}],"version-history":[{"count":1,"href":"https:\/\/entretormentas.com\/index.php?rest_route=\/wp\/v2\/posts\/12396\/revisions"}],"predecessor-version":[{"id":12399,"href":"https:\/\/entretormentas.com\/index.php?rest_route=\/wp\/v2\/posts\/12396\/revisions\/12399"}],"wp:featuredmedia":[{"embeddable":true,"href":"https:\/\/entretormentas.com\/index.php?rest_route=\/wp\/v2\/media\/12397"}],"wp:attachment":[{"href":"https:\/\/entretormentas.com\/index.php?rest_route=%2Fwp%2Fv2%2Fmedia&parent=12396"}],"wp:term":[{"taxonomy":"category","embeddable":true,"href":"https:\/\/entretormentas.com\/index.php?rest_route=%2Fwp%2Fv2%2Fcategories&post=12396"},{"taxonomy":"post_tag","embeddable":true,"href":"https:\/\/entretormentas.com\/index.php?rest_route=%2Fwp%2Fv2%2Ftags&post=12396"}],"curies":[{"name":"wp","href":"https:\/\/api.w.org\/{rel}","templated":true}]}}