{"id":12409,"date":"2025-01-17T09:26:53","date_gmt":"2025-01-17T08:26:53","guid":{"rendered":"https:\/\/entretormentas.com\/?p=12409"},"modified":"2025-01-17T09:26:53","modified_gmt":"2025-01-17T08:26:53","slug":"por-ir-a-la-an-juan-pablo-guanipa-pide-expulsar-de-pj-al-gobernador-alberto-galindez","status":"publish","type":"post","link":"https:\/\/entretormentas.com\/por-ir-a-la-an-juan-pablo-guanipa-pide-expulsar-de-pj-al-gobernador-alberto-galindez\/","title":{"rendered":"\u00a1POR IR A LA AN! Juan Pablo Guanipa pide expulsar de PJ al gobernador Alberto Gal\u00edndez"},"content":{"rendered":"\n<p><strong>ENTRE TORMENTAS. <\/strong>Este jueves 16 de enero, el dirigente pol\u00edtico Juan Pablo Guanipa, se pronunci\u00f3 para pedir al partido Primero Justicia la expulsi\u00f3n del gobernador de Cojedes Alberto Gal\u00edndez por participar en la reuni\u00f3n convocada por Jorge Rodr\u00edguez para un posible adelanto del cronograma electoral de este a\u00f1o 2025.<\/p>\n\n\n\n<p>Por medio de la red social X, Guanipa expres\u00f3 que la lucha por la libertad de Venezuela necesita l\u00edderes comprometidos \u201cVenezuela requiere l\u00edderes comprometidos, frontales y coherentes y quienes hayan decidido pasar p\u00e1gina y echar a un lado la soberan\u00eda popular expresada con votos el 28 de julio, le hacen da\u00f1o al anhelo del cambio del pueblo venezolano y se convierte en instrumento de la dictadura\u201d, escribi\u00f3.<\/p>\n\n\n\n<p>El dirigente pol\u00edtico tambi\u00e9n manifest\u00f3 por medio de un video su descontento por la reuni\u00f3n convocada por Jorge Rodr\u00edguez, actual presidente de la Asamblea Nacional, por considerar que es una burla al pa\u00eds y querer mostrar al mundo que en Venezuela no est\u00e1 pasando nada, \u201ctuvieron esa reuni\u00f3n para hablar de un cronograma electoral para elecciones de: alcald\u00edas, gobernaciones, Asamblea Nacional, consejos legislativos y municipales, como si todo estuviera normal en el pa\u00eds, sabemos lo que quieren, que los venezolanos nos quedemos callados pero eso no va a pasar\u201d, expres\u00f3.<\/p>\n\n\n\n<p>\u201cEs novedoso que los cuatro gobernadores opositores se hayan presentado directa o indirectamente en ese adefesio de reuni\u00f3n\u201d.<\/p>\n\n\n\n<p>Guanipa tambi\u00e9n destac\u00f3 que el Gobernador de Cojedes Alberto Gal\u00edndez, debe ser declarado auto excluido o expulsado de primero Justicia por no representar ni los valores ni las decisiones del leg\u00edtimo partido Primero Justicia, presidido por Mar\u00eda Beatriz Mart\u00ednez.<\/p>\n\n\n\n<p>Adem\u00e1s, agreg\u00f3 que cada quien debe asumir su responsabilidad y decidir de qu\u00e9 lado est\u00e1.<br><strong><em>ET \/ Monitoreamos<\/em><\/strong><\/p>\n\n\n\n<p><\/p>\n","protected":false},"excerpt":{"rendered":"<p>ENTRE TORMENTAS. Este jueves 16 de enero, el dirigente pol\u00edtico Juan Pablo Guanipa, se pronunci\u00f3&#8230;<\/p>\n","protected":false},"author":2,"featured_media":12410,"comment_status":"closed","ping_status":"open","sticky":false,"template":"","format":"standard","meta":{"footnotes":""},"categories":[56,49],"tags":[],"class_list":["post-12409","post","type-post","status-publish","format-standard","has-post-thumbnail","hentry","category-destacadas","category-nacionales"],"_links":{"self":[{"href":"https:\/\/entretormentas.com\/index.php?rest_route=\/wp\/v2\/posts\/12409","targetHints":{"allow":["GET"]}}],"collection":[{"href":"https:\/\/entretormentas.com\/index.php?rest_route=\/wp\/v2\/posts"}],"about":[{"href":"https:\/\/entretormentas.com\/index.php?rest_route=\/wp\/v2\/types\/post"}],"author":[{"embeddable":true,"href":"https:\/\/entretormentas.com\/index.php?rest_route=\/wp\/v2\/users\/2"}],"replies":[{"embeddable":true,"href":"https:\/\/entretormentas.com\/index.php?rest_route=%2Fwp%2Fv2%2Fcomments&post=12409"}],"version-history":[{"count":1,"href":"https:\/\/entretormentas.com\/index.php?rest_route=\/wp\/v2\/posts\/12409\/revisions"}],"predecessor-version":[{"id":12411,"href":"https:\/\/entretormentas.com\/index.php?rest_route=\/wp\/v2\/posts\/12409\/revisions\/12411"}],"wp:featuredmedia":[{"embeddable":true,"href":"https:\/\/entretormentas.com\/index.php?rest_route=\/wp\/v2\/media\/12410"}],"wp:attachment":[{"href":"https:\/\/entretormentas.com\/index.php?rest_route=%2Fwp%2Fv2%2Fmedia&parent=12409"}],"wp:term":[{"taxonomy":"category","embeddable":true,"href":"https:\/\/entretormentas.com\/index.php?rest_route=%2Fwp%2Fv2%2Fcategories&post=12409"},{"taxonomy":"post_tag","embeddable":true,"href":"https:\/\/entretormentas.com\/index.php?rest_route=%2Fwp%2Fv2%2Ftags&post=12409"}],"curies":[{"name":"wp","href":"https:\/\/api.w.org\/{rel}","templated":true}]}}