{"id":12415,"date":"2025-01-17T09:30:56","date_gmt":"2025-01-17T08:30:56","guid":{"rendered":"https:\/\/entretormentas.com\/?p=12415"},"modified":"2025-01-17T09:30:56","modified_gmt":"2025-01-17T08:30:56","slug":"petro-es-importante-para-paz-en-las-americas-que-venezuela-libere-a-detenidos-post-elecciones","status":"publish","type":"post","link":"https:\/\/entretormentas.com\/petro-es-importante-para-paz-en-las-americas-que-venezuela-libere-a-detenidos-post-elecciones\/","title":{"rendered":"PETRO: \u00abEs importante para paz en las Am\u00e9ricas que Venezuela libere a detenidos post elecciones\u00bb"},"content":{"rendered":"\n<p><strong>ENTRE TORMENTAS.<\/strong> Gustavo Petro, presidente de Colombia, expres\u00f3 por medio de sus redes sociales que es importante que en Venezuela liberen a todos los detenidos en el marco de las elecciones.<\/p>\n\n\n\n<p>\u00abCuando la tregua entre Hamas e Israel habla de la liberaci\u00f3n de centenares de rehenes de una y otra parte; cuando Cuba ha liberado a m\u00e1s de 500 prisioneros, es importante para la paz en las Am\u00e9ricas que Venezuela libere todas las personas detenidas en el marco de las elecciones y las post elecciones, incluidos los 12 colombianos detenidos en su territorio\u201d, manifest\u00f3.<\/p>\n\n\n\n<p>Sus palabras destacan luego de la liberaci\u00f3n del periodista Carlos Correa, director de la ONG Espacio P\u00fablico.<br><strong><em>ET \/ Agencias<\/em><\/strong><\/p>\n","protected":false},"excerpt":{"rendered":"<p>ENTRE TORMENTAS. Gustavo Petro, presidente de Colombia, expres\u00f3 por medio de sus redes sociales que&#8230;<\/p>\n","protected":false},"author":2,"featured_media":12416,"comment_status":"closed","ping_status":"open","sticky":false,"template":"","format":"standard","meta":{"footnotes":""},"categories":[56,48],"tags":[],"class_list":["post-12415","post","type-post","status-publish","format-standard","has-post-thumbnail","hentry","category-destacadas","category-internacionales"],"_links":{"self":[{"href":"https:\/\/entretormentas.com\/index.php?rest_route=\/wp\/v2\/posts\/12415","targetHints":{"allow":["GET"]}}],"collection":[{"href":"https:\/\/entretormentas.com\/index.php?rest_route=\/wp\/v2\/posts"}],"about":[{"href":"https:\/\/entretormentas.com\/index.php?rest_route=\/wp\/v2\/types\/post"}],"author":[{"embeddable":true,"href":"https:\/\/entretormentas.com\/index.php?rest_route=\/wp\/v2\/users\/2"}],"replies":[{"embeddable":true,"href":"https:\/\/entretormentas.com\/index.php?rest_route=%2Fwp%2Fv2%2Fcomments&post=12415"}],"version-history":[{"count":1,"href":"https:\/\/entretormentas.com\/index.php?rest_route=\/wp\/v2\/posts\/12415\/revisions"}],"predecessor-version":[{"id":12417,"href":"https:\/\/entretormentas.com\/index.php?rest_route=\/wp\/v2\/posts\/12415\/revisions\/12417"}],"wp:featuredmedia":[{"embeddable":true,"href":"https:\/\/entretormentas.com\/index.php?rest_route=\/wp\/v2\/media\/12416"}],"wp:attachment":[{"href":"https:\/\/entretormentas.com\/index.php?rest_route=%2Fwp%2Fv2%2Fmedia&parent=12415"}],"wp:term":[{"taxonomy":"category","embeddable":true,"href":"https:\/\/entretormentas.com\/index.php?rest_route=%2Fwp%2Fv2%2Fcategories&post=12415"},{"taxonomy":"post_tag","embeddable":true,"href":"https:\/\/entretormentas.com\/index.php?rest_route=%2Fwp%2Fv2%2Ftags&post=12415"}],"curies":[{"name":"wp","href":"https:\/\/api.w.org\/{rel}","templated":true}]}}