{"id":12418,"date":"2025-01-17T09:32:29","date_gmt":"2025-01-17T08:32:29","guid":{"rendered":"https:\/\/entretormentas.com\/?p=12418"},"modified":"2025-01-17T09:32:29","modified_gmt":"2025-01-17T08:32:29","slug":"fiscal-general-a-petro-ocupese-de-los-graves-problemas-de-colombia","status":"publish","type":"post","link":"https:\/\/entretormentas.com\/fiscal-general-a-petro-ocupese-de-los-graves-problemas-de-colombia\/","title":{"rendered":"FISCAL GENERAL A PETRO: \u00abOc\u00fapese de los graves problemas de Colombia\u00bb"},"content":{"rendered":"\n<p><strong>ENTRE TORMENTAS. <\/strong>Este jueves el fiscal general, Tarek William Saab, emiti\u00f3 un comunicado, a trav\u00e9s de la cuenta de Instagram del Ministerio P\u00fablico, en el que se dirige al presidente de Colombia, Gustavo Petro, de manera que lo exhorta a \u00abocuparse de los graves problemas de Colombia\u00bb.<\/p>\n\n\n\n<p>\u00abEstimado Presidente Petro: Oc\u00fapese de los graves problemas de Colombia que nosotros resolvemos los de Venezuela\u00bb, es el inicio del comunicado que dividi\u00f3 en dos.<br><strong><em>ET \/ Agencias<\/em><\/strong><\/p>\n","protected":false},"excerpt":{"rendered":"<p>ENTRE TORMENTAS. Este jueves el fiscal general, Tarek William Saab, emiti\u00f3 un comunicado, a trav\u00e9s&#8230;<\/p>\n","protected":false},"author":2,"featured_media":12419,"comment_status":"closed","ping_status":"open","sticky":false,"template":"","format":"standard","meta":{"footnotes":""},"categories":[56,49],"tags":[],"class_list":["post-12418","post","type-post","status-publish","format-standard","has-post-thumbnail","hentry","category-destacadas","category-nacionales"],"_links":{"self":[{"href":"https:\/\/entretormentas.com\/index.php?rest_route=\/wp\/v2\/posts\/12418","targetHints":{"allow":["GET"]}}],"collection":[{"href":"https:\/\/entretormentas.com\/index.php?rest_route=\/wp\/v2\/posts"}],"about":[{"href":"https:\/\/entretormentas.com\/index.php?rest_route=\/wp\/v2\/types\/post"}],"author":[{"embeddable":true,"href":"https:\/\/entretormentas.com\/index.php?rest_route=\/wp\/v2\/users\/2"}],"replies":[{"embeddable":true,"href":"https:\/\/entretormentas.com\/index.php?rest_route=%2Fwp%2Fv2%2Fcomments&post=12418"}],"version-history":[{"count":1,"href":"https:\/\/entretormentas.com\/index.php?rest_route=\/wp\/v2\/posts\/12418\/revisions"}],"predecessor-version":[{"id":12420,"href":"https:\/\/entretormentas.com\/index.php?rest_route=\/wp\/v2\/posts\/12418\/revisions\/12420"}],"wp:featuredmedia":[{"embeddable":true,"href":"https:\/\/entretormentas.com\/index.php?rest_route=\/wp\/v2\/media\/12419"}],"wp:attachment":[{"href":"https:\/\/entretormentas.com\/index.php?rest_route=%2Fwp%2Fv2%2Fmedia&parent=12418"}],"wp:term":[{"taxonomy":"category","embeddable":true,"href":"https:\/\/entretormentas.com\/index.php?rest_route=%2Fwp%2Fv2%2Fcategories&post=12418"},{"taxonomy":"post_tag","embeddable":true,"href":"https:\/\/entretormentas.com\/index.php?rest_route=%2Fwp%2Fv2%2Ftags&post=12418"}],"curies":[{"name":"wp","href":"https:\/\/api.w.org\/{rel}","templated":true}]}}