{"id":12421,"date":"2025-01-17T09:34:31","date_gmt":"2025-01-17T08:34:31","guid":{"rendered":"https:\/\/entretormentas.com\/?p=12421"},"modified":"2025-01-17T09:34:31","modified_gmt":"2025-01-17T08:34:31","slug":"para-proyectos-comunitarios-primera-consulta-popular-nacional-se-realizara-el-2-de-febrero","status":"publish","type":"post","link":"https:\/\/entretormentas.com\/para-proyectos-comunitarios-primera-consulta-popular-nacional-se-realizara-el-2-de-febrero\/","title":{"rendered":"\u00a1PARA PROYECTOS COMUNITARIOS! Primera Consulta Popular Nacional se realizar\u00e1 el 2 de febrero"},"content":{"rendered":"\n<p><strong>ENTRE TORMENTAS.<\/strong> El presidente Nicol\u00e1s Maduro anunci\u00f3 que para el pr\u00f3ximo domingo 2 de febrero, se estar\u00e1 convocando la celebraci\u00f3n de la primera Consulta Nacional Popular, para que los vecinos elijan sus proyectos comunitarios a trav\u00e9s del voto.<\/p>\n\n\n\n<p>\u201cYo quiero ajustar la fecha de la primera consulta, porque hemos recibido propuesta desde las bases y me parece excepcional, compa\u00f1eros y compa\u00f1eras (\u2026) me parece excepcional que coloquemos la Primera Consulta Nacional el d\u00eda domingo 2 de febrero en homenaje a los 26 a\u00f1os de la llegada de nuestro Comandante Hugo Ch\u00e1vez Fr\u00edas a la presidencia constitucional de Venezuela\u201d, anunci\u00f3 desde el Teatro Teresa Carre\u00f1o, durante su Memoria y Cuenta del 2024.<\/p>\n\n\n\n<p>Originalmente, la fecha prevista era el 26 de enero, pero el jefe de Estado coment\u00f3 que una semana m\u00e1s dar\u00e1 chance a finiquitar la preparaci\u00f3n y motivaci\u00f3n de esta consulta para escoger proyectos comunales en los m\u00e1s de cinco mil doscientos circuitos comunales en todo el pa\u00eds.<\/p>\n\n\n\n<p>Ante los presentes en la Sala R\u00edos Reyna del gran complejo cultural Teresa Carre\u00f1o de Caracas, donde los parlamentarios y instalaron la sesi\u00f3n especial de la Asamblea Nacional (AN), el presidente record\u00f3 que los electores de Venezuela tendr\u00e1n la oportunidad de acudir a diez procesos electorales.<\/p>\n\n\n\n<p><strong>CONSULTA POPULAR<\/strong><br>\u00abSeis ser\u00e1n las elecciones de consulta popular y directa: una trimestral, para los proyectos de las comunidades, una consulta para proyectos de la juventud y una consulta para proyectos culturales\u00bb, dijo.<\/p>\n\n\n\n<p>Adem\u00e1s de las tres obligatorias constitucionales, la elecci\u00f3n de gobernaciones y consejos legislativos regionales, las alcald\u00edas y consejos municipales y para el Parlamento Nacional. Y la d\u00e9cima, acot\u00f3, ser\u00e1 el refer\u00e9ndum para aprobar la reforma constitucional planteada para este a\u00f1o.<\/p>\n\n\n\n<p>\u201cNo es un dato menor, decir 31 elecciones. Hemos cumplido, embajadores, cada a\u00f1o, la obligaci\u00f3n constitucional de las elecciones de todos los poderes p\u00fablicos. Asamblea Nacional, gobernaciones, alcald\u00edas, concejos municipales, presidencia, y cuando no hay elecciones las inventamos, con los refer\u00e9ndums, como el \u00faltimo sobre la Guayana Esequiba, el cual es obligante\u201d, remarc\u00f3.<br><strong><em>ET \/ VTV<\/em><\/strong><\/p>\n","protected":false},"excerpt":{"rendered":"<p>ENTRE TORMENTAS. El presidente Nicol\u00e1s Maduro anunci\u00f3 que para el pr\u00f3ximo domingo 2 de febrero,&#8230;<\/p>\n","protected":false},"author":2,"featured_media":12422,"comment_status":"closed","ping_status":"open","sticky":false,"template":"","format":"standard","meta":{"footnotes":""},"categories":[56,49],"tags":[],"class_list":["post-12421","post","type-post","status-publish","format-standard","has-post-thumbnail","hentry","category-destacadas","category-nacionales"],"_links":{"self":[{"href":"https:\/\/entretormentas.com\/index.php?rest_route=\/wp\/v2\/posts\/12421","targetHints":{"allow":["GET"]}}],"collection":[{"href":"https:\/\/entretormentas.com\/index.php?rest_route=\/wp\/v2\/posts"}],"about":[{"href":"https:\/\/entretormentas.com\/index.php?rest_route=\/wp\/v2\/types\/post"}],"author":[{"embeddable":true,"href":"https:\/\/entretormentas.com\/index.php?rest_route=\/wp\/v2\/users\/2"}],"replies":[{"embeddable":true,"href":"https:\/\/entretormentas.com\/index.php?rest_route=%2Fwp%2Fv2%2Fcomments&post=12421"}],"version-history":[{"count":1,"href":"https:\/\/entretormentas.com\/index.php?rest_route=\/wp\/v2\/posts\/12421\/revisions"}],"predecessor-version":[{"id":12423,"href":"https:\/\/entretormentas.com\/index.php?rest_route=\/wp\/v2\/posts\/12421\/revisions\/12423"}],"wp:featuredmedia":[{"embeddable":true,"href":"https:\/\/entretormentas.com\/index.php?rest_route=\/wp\/v2\/media\/12422"}],"wp:attachment":[{"href":"https:\/\/entretormentas.com\/index.php?rest_route=%2Fwp%2Fv2%2Fmedia&parent=12421"}],"wp:term":[{"taxonomy":"category","embeddable":true,"href":"https:\/\/entretormentas.com\/index.php?rest_route=%2Fwp%2Fv2%2Fcategories&post=12421"},{"taxonomy":"post_tag","embeddable":true,"href":"https:\/\/entretormentas.com\/index.php?rest_route=%2Fwp%2Fv2%2Ftags&post=12421"}],"curies":[{"name":"wp","href":"https:\/\/api.w.org\/{rel}","templated":true}]}}