{"id":12424,"date":"2025-01-18T11:30:43","date_gmt":"2025-01-18T10:30:43","guid":{"rendered":"https:\/\/entretormentas.com\/?p=12424"},"modified":"2025-01-18T11:31:27","modified_gmt":"2025-01-18T10:31:27","slug":"este-sabado-18-e-ferias-alimentarias-del-sol-arrancan-2025-desplegadas-en-dos-parroquias-de-maracaibo","status":"publish","type":"post","link":"https:\/\/entretormentas.com\/este-sabado-18-e-ferias-alimentarias-del-sol-arrancan-2025-desplegadas-en-dos-parroquias-de-maracaibo\/","title":{"rendered":"\u00a1ESTE S\u00c1BADO 18-E! Ferias Alimentarias del Sol arrancan 2025 desplegadas en dos parroquias de Maracaibo"},"content":{"rendered":"\n<p><strong>ENTRE TORMENTAS.<\/strong> Manuel Dagnino y Antonio Borjas Romero son las dos parroquias que recibir\u00e1n este s\u00e1bado 18 de enero las primeras Ferias Alimentarias del Sol de la Alcald\u00eda de Maracaibo del 2025.<\/p>\n\n\n\n<p>En la cancha deportiva del sector Los Estanques y en la calle 79L del barrio San Antonio se dar\u00e1n inicio, por otro a\u00f1o m\u00e1s, a estos mercados que en 2024 dispusieron en las 18 parroquias m\u00e1s de 290 toneladas de alimentos, beneficiando a m\u00e1s de 28 mil familias marabinas.<\/p>\n\n\n\n<p>Rafael Viloria, director de Alimentaci\u00f3n, mencion\u00f3 que seleccionaron dos parroquias equidistantes, en lugares con alta densidad y vulnerabilidad para atenderlas y brindarles una opci\u00f3n de ahorro.<\/p>\n\n\n\n<figure class=\"wp-block-image size-large\"><img fetchpriority=\"high\" decoding=\"async\" width=\"1024\" height=\"576\" src=\"https:\/\/entretormentas.com\/wp-content\/uploads\/2025\/01\/image-250-1024x576.png\" alt=\"\" class=\"wp-image-12426\" srcset=\"https:\/\/entretormentas.com\/wp-content\/uploads\/2025\/01\/image-250-1024x576.png 1024w, https:\/\/entretormentas.com\/wp-content\/uploads\/2025\/01\/image-250-300x169.png 300w, https:\/\/entretormentas.com\/wp-content\/uploads\/2025\/01\/image-250-768x432.png 768w, https:\/\/entretormentas.com\/wp-content\/uploads\/2025\/01\/image-250-1536x864.png 1536w, https:\/\/entretormentas.com\/wp-content\/uploads\/2025\/01\/image-250-2048x1152.png 2048w\" sizes=\"(max-width: 1024px) 100vw, 1024px\" \/><\/figure>\n\n\n\n<p>\u201cTenemos estimado este s\u00e1bado atender a m\u00e1s de mil familias marabinas con las 12 toneladas de alimentos que dispondremos en cada uno de los mercados\u201d, destac\u00f3.<\/p>\n\n\n\n<p>El director indic\u00f3 que en 2025 continuar\u00e1n con este importante trabajo de llevar a todas las comunidades alimentos de primera calidad a los mejores precios.<\/p>\n\n\n\n<p>\u201cSeguimos enfocados en estimular el ahorro para que las familias puedan incrementar la cantidad de alimentos al momento de comprar, tambi\u00e9n esperamos superar este a\u00f1o los 64 mercados que se realizaron en 2024\u201d, precis\u00f3.<\/p>\n\n\n\n<p>Viloria record\u00f3 que con las Ferias Alimentarias del Sol la Alcald\u00eda busca estimular el incremento de consumo de prote\u00ednas para garantizarle una alimentaci\u00f3n balanceada a las familias del municipio. \u201cLlevaremos pollos enteros, despresados, huevos, carnes, mortadela, l\u00e1cteos, v\u00edveres, verduras, frutas, entre\u201d, detall\u00f3.<br><strong><em>ET \/ DCI Alcald\u00eda de Maracaibo<\/em><\/strong><\/p>\n\n\n\n<p><\/p>\n","protected":false},"excerpt":{"rendered":"<p>ENTRE TORMENTAS. Manuel Dagnino y Antonio Borjas Romero son las dos parroquias que recibir\u00e1n este&#8230;<\/p>\n","protected":false},"author":2,"featured_media":12425,"comment_status":"closed","ping_status":"open","sticky":false,"template":"","format":"standard","meta":{"footnotes":""},"categories":[57,1],"tags":[],"class_list":["post-12424","post","type-post","status-publish","format-standard","has-post-thumbnail","hentry","category-actualidad","category-regionales"],"_links":{"self":[{"href":"https:\/\/entretormentas.com\/index.php?rest_route=\/wp\/v2\/posts\/12424","targetHints":{"allow":["GET"]}}],"collection":[{"href":"https:\/\/entretormentas.com\/index.php?rest_route=\/wp\/v2\/posts"}],"about":[{"href":"https:\/\/entretormentas.com\/index.php?rest_route=\/wp\/v2\/types\/post"}],"author":[{"embeddable":true,"href":"https:\/\/entretormentas.com\/index.php?rest_route=\/wp\/v2\/users\/2"}],"replies":[{"embeddable":true,"href":"https:\/\/entretormentas.com\/index.php?rest_route=%2Fwp%2Fv2%2Fcomments&post=12424"}],"version-history":[{"count":1,"href":"https:\/\/entretormentas.com\/index.php?rest_route=\/wp\/v2\/posts\/12424\/revisions"}],"predecessor-version":[{"id":12427,"href":"https:\/\/entretormentas.com\/index.php?rest_route=\/wp\/v2\/posts\/12424\/revisions\/12427"}],"wp:featuredmedia":[{"embeddable":true,"href":"https:\/\/entretormentas.com\/index.php?rest_route=\/wp\/v2\/media\/12425"}],"wp:attachment":[{"href":"https:\/\/entretormentas.com\/index.php?rest_route=%2Fwp%2Fv2%2Fmedia&parent=12424"}],"wp:term":[{"taxonomy":"category","embeddable":true,"href":"https:\/\/entretormentas.com\/index.php?rest_route=%2Fwp%2Fv2%2Fcategories&post=12424"},{"taxonomy":"post_tag","embeddable":true,"href":"https:\/\/entretormentas.com\/index.php?rest_route=%2Fwp%2Fv2%2Ftags&post=12424"}],"curies":[{"name":"wp","href":"https:\/\/api.w.org\/{rel}","templated":true}]}}