{"id":12428,"date":"2025-01-18T11:35:48","date_gmt":"2025-01-18T10:35:48","guid":{"rendered":"https:\/\/entretormentas.com\/?p=12428"},"modified":"2025-01-18T11:35:49","modified_gmt":"2025-01-18T10:35:49","slug":"van-14-recuperadas-alcaldia-de-san-francisco-reacondiciona-la-cancha-de-usos-multiples-papuche-diaz","status":"publish","type":"post","link":"https:\/\/entretormentas.com\/van-14-recuperadas-alcaldia-de-san-francisco-reacondiciona-la-cancha-de-usos-multiples-papuche-diaz\/","title":{"rendered":"\u00a1VAN 14 RECUPERADAS! Alcald\u00eda de San Francisco reacondiciona la cancha de usos m\u00faltiples Papuche D\u00edaz"},"content":{"rendered":"\n<p><strong>ENTRE TORMENTAS. <\/strong>La alcald\u00eda de San Francisco, contin\u00faa fomentando el deporte, con la recuperaci\u00f3n de m\u00e1s instalaciones deportivas en el municipio, en esta ocasi\u00f3n le toc\u00f3 el turno a la cancha de usos m\u00faltiples Papuche D\u00edaz, ubicada en el sector Sierra Maestra, de la parroquia Francisco Ochoa.<\/p>\n\n\n\n<p><strong>LOS TRABAJOS CONTEMPLARON:<\/strong><br>*Rehabilitaci\u00f3n de pintura externa e interna.<br>*Tableros de porter\u00eda y gradas.<br>*Dotaci\u00f3n de implementos deportivos.<br>*Instalaci\u00f3n del sistema el\u00e9ctrico y luminarias.<br>*Reparaci\u00f3n de cerca de cicl\u00f3n.<br>*Construcci\u00f3n de portones de acceso.<br>*Limpieza general.<\/p>\n\n\n\n<figure class=\"wp-block-image size-large\"><img fetchpriority=\"high\" decoding=\"async\" width=\"1024\" height=\"576\" src=\"https:\/\/entretormentas.com\/wp-content\/uploads\/2025\/01\/image-253-1024x576.png\" alt=\"\" class=\"wp-image-12431\" srcset=\"https:\/\/entretormentas.com\/wp-content\/uploads\/2025\/01\/image-253-1024x576.png 1024w, https:\/\/entretormentas.com\/wp-content\/uploads\/2025\/01\/image-253-300x169.png 300w, https:\/\/entretormentas.com\/wp-content\/uploads\/2025\/01\/image-253-768x432.png 768w, https:\/\/entretormentas.com\/wp-content\/uploads\/2025\/01\/image-253.png 1080w\" sizes=\"(max-width: 1024px) 100vw, 1024px\" \/><\/figure>\n\n\n\n<p>En representaci\u00f3n del alcalde Gustavo Fern\u00e1ndez, el presidente del Instituto Municipal de deporte (Imdep) Gerardo Mu\u00f1oz, manifest\u00f3 que es un honor y un compromiso suplantar las palabras del alcalde en cualquier inauguraci\u00f3n. \u00abHoy de la mano de las comunidades hemos podido recuperar 14 espacios deportivos a lo largo y ancho del municipio, el estadio de Peque\u00f1as Ligas de San Francisco y el Papuche D\u00edaz, tambi\u00e9n en Sierra Maestra. De esto se trata de cumplir con los compromisos, gobernar para el bien, con obras que queden para la gente sin ning\u00fan tipo de parcialidades. Esta instalaci\u00f3n debe servir como un sitio de encuentro para todos\u00bb.<\/p>\n\n\n\n<p>La cancha beneficiar\u00e1 a los residentes de la calle 14 con avenida 18 del sector Sierra Maestra, garantizando a estas y otras comunidades, espacios dignificados para la pr\u00e1ctica de distintas disciplinas deportivas y actividades culturales, promoviendo la recreaci\u00f3n y el sano esparcimiento para ni\u00f1os, j\u00f3venes y adultos.<\/p>\n\n\n\n<figure class=\"wp-block-image size-large\"><img decoding=\"async\" width=\"1024\" height=\"576\" src=\"https:\/\/entretormentas.com\/wp-content\/uploads\/2025\/01\/image-252-1024x576.png\" alt=\"\" class=\"wp-image-12430\" srcset=\"https:\/\/entretormentas.com\/wp-content\/uploads\/2025\/01\/image-252-1024x576.png 1024w, https:\/\/entretormentas.com\/wp-content\/uploads\/2025\/01\/image-252-300x169.png 300w, https:\/\/entretormentas.com\/wp-content\/uploads\/2025\/01\/image-252-768x432.png 768w, https:\/\/entretormentas.com\/wp-content\/uploads\/2025\/01\/image-252.png 1080w\" sizes=\"(max-width: 1024px) 100vw, 1024px\" \/><\/figure>\n\n\n\n<p>Esta rehabilitaci\u00f3n se suma a otras que han sido desarrolladas durante la gesti\u00f3n del mandatario municipal, a trav\u00e9s de las gerencias de operaciones e infraestructura, direccionadas por el Instituto Municipal de Deporte (Imdep)entre ellas se puede mencionar:<\/p>\n\n\n\n<ul class=\"wp-block-list\">\n<li>Los Almendrones<\/li>\n\n\n\n<li>Negro Primero<\/li>\n\n\n\n<li>Instituto Universitario de San Francisco (Iusf)<\/li>\n\n\n\n<li>Juan Cuchara<\/li>\n\n\n\n<li>Plaza de La Juventud<\/li>\n\n\n\n<li>Jos\u00e9 Ram\u00f3n Solano (parroquia San Francisco).<\/li>\n\n\n\n<li>La Portuaria<\/li>\n\n\n\n<li>La Ordesima (parroquia Francisco Ochoa).<\/li>\n\n\n\n<li>Sabana Grande (parroquia Marcial Hern\u00e1ndez)<\/li>\n\n\n\n<li>Emil Herrera<\/li>\n\n\n\n<li>Lote 6 (parroquia Jos\u00e9 Domingo Rus).<\/li>\n\n\n\n<li>Franklin \u00abPapuca\u00bb Garc\u00eda ( parroquia Los Cortijos)<\/li>\n\n\n\n<li>Absal\u00f3n Bracho (parroquia Domitila Flores).<\/li>\n<\/ul>\n\n\n\n<p>Andr\u00e9s Cordones, jugador de f\u00fatbol sala, agradeci\u00f3 al alcalde Gustavo Fern\u00e1ndez, por la restauraci\u00f3n de este emblem\u00e1tico centro deportivo, el cual permaneci\u00f3 en el olvido por muchos a\u00f1os, y que ahora servir\u00e1 para que personas de todas las edades de este conocido sector, hagan deporte y se distancien del ocio y la delincuencia.<\/p>\n\n\n\n<p>El deporte se ha convertido en el gobierno que preside el alcalde Gustavo Fern\u00e1ndez, en un pilar fundamental para la construcci\u00f3n de una nueva sociedad, con disciplina, principios y valores.<br><strong><em>ET \/ Alcald\u00eda de San Francisco<\/em><\/strong><\/p>\n\n\n\n<p><\/p>\n","protected":false},"excerpt":{"rendered":"<p>ENTRE TORMENTAS. La alcald\u00eda de San Francisco, contin\u00faa fomentando el deporte, con la recuperaci\u00f3n de&#8230;<\/p>\n","protected":false},"author":2,"featured_media":12429,"comment_status":"closed","ping_status":"open","sticky":false,"template":"","format":"standard","meta":{"footnotes":""},"categories":[57,1],"tags":[],"class_list":["post-12428","post","type-post","status-publish","format-standard","has-post-thumbnail","hentry","category-actualidad","category-regionales"],"_links":{"self":[{"href":"https:\/\/entretormentas.com\/index.php?rest_route=\/wp\/v2\/posts\/12428","targetHints":{"allow":["GET"]}}],"collection":[{"href":"https:\/\/entretormentas.com\/index.php?rest_route=\/wp\/v2\/posts"}],"about":[{"href":"https:\/\/entretormentas.com\/index.php?rest_route=\/wp\/v2\/types\/post"}],"author":[{"embeddable":true,"href":"https:\/\/entretormentas.com\/index.php?rest_route=\/wp\/v2\/users\/2"}],"replies":[{"embeddable":true,"href":"https:\/\/entretormentas.com\/index.php?rest_route=%2Fwp%2Fv2%2Fcomments&post=12428"}],"version-history":[{"count":1,"href":"https:\/\/entretormentas.com\/index.php?rest_route=\/wp\/v2\/posts\/12428\/revisions"}],"predecessor-version":[{"id":12432,"href":"https:\/\/entretormentas.com\/index.php?rest_route=\/wp\/v2\/posts\/12428\/revisions\/12432"}],"wp:featuredmedia":[{"embeddable":true,"href":"https:\/\/entretormentas.com\/index.php?rest_route=\/wp\/v2\/media\/12429"}],"wp:attachment":[{"href":"https:\/\/entretormentas.com\/index.php?rest_route=%2Fwp%2Fv2%2Fmedia&parent=12428"}],"wp:term":[{"taxonomy":"category","embeddable":true,"href":"https:\/\/entretormentas.com\/index.php?rest_route=%2Fwp%2Fv2%2Fcategories&post=12428"},{"taxonomy":"post_tag","embeddable":true,"href":"https:\/\/entretormentas.com\/index.php?rest_route=%2Fwp%2Fv2%2Ftags&post=12428"}],"curies":[{"name":"wp","href":"https:\/\/api.w.org\/{rel}","templated":true}]}}