{"id":12440,"date":"2025-01-18T11:47:35","date_gmt":"2025-01-18T10:47:35","guid":{"rendered":"https:\/\/entretormentas.com\/?p=12440"},"modified":"2025-01-18T11:47:35","modified_gmt":"2025-01-18T10:47:35","slug":"nueva-peticion-familiares-de-presos-politicos-en-venezuela-exigen-revision-de-los-casos","status":"publish","type":"post","link":"https:\/\/entretormentas.com\/nueva-peticion-familiares-de-presos-politicos-en-venezuela-exigen-revision-de-los-casos\/","title":{"rendered":"\u00a1NUEVA PETICI\u00d3N! Familiares de \u00abpresos pol\u00edticos\u00bb en Venezuela exigen revisi\u00f3n de los casos"},"content":{"rendered":"\n<p><strong>ENTRE TORMENTAS.<\/strong> Familiares de los considerados \u00abpresos pol\u00edticos\u00bb en Venezuela, la mayor\u00eda detenidos tras las elecciones presidenciales del 28 de julio, acudieron al Ministerio P\u00fablico (MP, Fiscal\u00eda), en Caracas, para exigir la revisi\u00f3n de los casos que lleve, dijeron, a la liberaci\u00f3n de sus parientes.<\/p>\n\n\n\n<p>\u00abVenimos hasta aqu\u00ed, nuevamente, a consignar documentos donde exigimos que se revisen nuestras causas, que el Ministerio P\u00fablico se aboque a revisar los casos de cada una de estas personas, de nuestros familiares que son inocentes\u00bb, se\u00f1al\u00f3 Diego Casanova, a las afueras de la instituci\u00f3n, a la que acudieron alrededor de 80 personas.<\/p>\n\n\n\n<p>Casanova, quien tambi\u00e9n es integrante de la ONG Comit\u00e9 por la Libertad de los Presos Pol\u00edticos, se\u00f1al\u00f3 que en diversas oportunidades han entregado documentos con \u00abevidencia\u00bb que comprueba la inocencia de sus familiares detenidos.<\/p>\n\n\n\n<p>\u00abAbsolutamente todos son delitos forjados, fabricados a la medida, con una intenci\u00f3n muy clara que es, por supuesto, reprimir, mantener una pol\u00edtica de terror contra las personas\u00bb, a\u00f1adi\u00f3. El activista denunci\u00f3 que los \u00abpresos pol\u00edticos\u00bb est\u00e1n en condiciones de reclusi\u00f3n \u00abinhumanas\u00bb porque, relat\u00f3, en la c\u00e1rcel de Tocor\u00f3n, en el estado Aragua (norte), solo est\u00e1n recibiendo comida \u00abuna vez al d\u00eda\u00bb.<\/p>\n\n\n\n<p>\u00abTodav\u00eda no tienen acceso a agua potable, hay much\u00edsimas restricciones (\u2026) lo que ha agravado sus condiciones de salud de muchos de ellos\u00bb, sostuvo. Entretanto, Yovanka \u00c1vila, hermana de un detenido en el Rodeo I, en el estado Miranda (norte), indic\u00f3 que desde hace un mes las visitas se mantienen suspendidas en la c\u00e1rcel, por lo que, dijo, no tiene informaci\u00f3n sobre su familiar. \u00abLo \u00fanico que nos dicen (los custodios) es que ellos est\u00e1n bien y nosotros no estamos seguros de eso hasta verlos\u00bb, indic\u00f3.<\/p>\n\n\n\n<p>El pasado 6 de enero, el Ministerio P\u00fablico anunci\u00f3 la excarcelaci\u00f3n de 146 personas detenidas luego de las elecciones del 28 de julio, con lo que subieron a mil 515 las medidas concedidas despu\u00e9s de un proceso de revisi\u00f3n de los casos vinculados a las protestas posteriores a la cuestionada reelecci\u00f3n de Nicol\u00e1s Maduro.<\/p>\n\n\n\n<p>Seg\u00fan cifras oficiales, alrededor de dos mil 400 personas fueron detenidas en el contexto de protestas poselectorales, donde adem\u00e1s se registraron 28 muertes, entre ellas, las de dos militares.<br><strong><em>ET \/ EFE<\/em><\/strong><\/p>\n\n\n\n<p><\/p>\n","protected":false},"excerpt":{"rendered":"<p>ENTRE TORMENTAS. Familiares de los considerados \u00abpresos pol\u00edticos\u00bb en Venezuela, la mayor\u00eda detenidos tras las&#8230;<\/p>\n","protected":false},"author":2,"featured_media":12441,"comment_status":"closed","ping_status":"open","sticky":false,"template":"","format":"standard","meta":{"footnotes":""},"categories":[56,49],"tags":[],"class_list":["post-12440","post","type-post","status-publish","format-standard","has-post-thumbnail","hentry","category-destacadas","category-nacionales"],"_links":{"self":[{"href":"https:\/\/entretormentas.com\/index.php?rest_route=\/wp\/v2\/posts\/12440","targetHints":{"allow":["GET"]}}],"collection":[{"href":"https:\/\/entretormentas.com\/index.php?rest_route=\/wp\/v2\/posts"}],"about":[{"href":"https:\/\/entretormentas.com\/index.php?rest_route=\/wp\/v2\/types\/post"}],"author":[{"embeddable":true,"href":"https:\/\/entretormentas.com\/index.php?rest_route=\/wp\/v2\/users\/2"}],"replies":[{"embeddable":true,"href":"https:\/\/entretormentas.com\/index.php?rest_route=%2Fwp%2Fv2%2Fcomments&post=12440"}],"version-history":[{"count":1,"href":"https:\/\/entretormentas.com\/index.php?rest_route=\/wp\/v2\/posts\/12440\/revisions"}],"predecessor-version":[{"id":12442,"href":"https:\/\/entretormentas.com\/index.php?rest_route=\/wp\/v2\/posts\/12440\/revisions\/12442"}],"wp:featuredmedia":[{"embeddable":true,"href":"https:\/\/entretormentas.com\/index.php?rest_route=\/wp\/v2\/media\/12441"}],"wp:attachment":[{"href":"https:\/\/entretormentas.com\/index.php?rest_route=%2Fwp%2Fv2%2Fmedia&parent=12440"}],"wp:term":[{"taxonomy":"category","embeddable":true,"href":"https:\/\/entretormentas.com\/index.php?rest_route=%2Fwp%2Fv2%2Fcategories&post=12440"},{"taxonomy":"post_tag","embeddable":true,"href":"https:\/\/entretormentas.com\/index.php?rest_route=%2Fwp%2Fv2%2Ftags&post=12440"}],"curies":[{"name":"wp","href":"https:\/\/api.w.org\/{rel}","templated":true}]}}