{"id":12443,"date":"2025-01-18T11:49:43","date_gmt":"2025-01-18T10:49:43","guid":{"rendered":"https:\/\/entretormentas.com\/?p=12443"},"modified":"2025-01-18T11:49:44","modified_gmt":"2025-01-18T10:49:44","slug":"prioridad-parlamentaria-cne-se-declara-en-sesion-permanente-por-los-comicios-de-2025","status":"publish","type":"post","link":"https:\/\/entretormentas.com\/prioridad-parlamentaria-cne-se-declara-en-sesion-permanente-por-los-comicios-de-2025\/","title":{"rendered":"\u00a1PRIORIDAD PARLAMENTARIA! CNE se declara en sesi\u00f3n permanente por los comicios de 2025"},"content":{"rendered":"\n<p><strong>ENTRE TORMENTAS. <\/strong>El Consejo Nacional Electoral (CNE) de Venezuela, se declar\u00f3 este viernes 17 de enero en \u00absesi\u00f3n permanente\u00bb, con el fin de analizar propuestas de partidos pol\u00edticos recogidas por la Asamblea Nacional (AN, Parlamento) para los comicios legislativos, regionales y locales, previstos para este a\u00f1o, entre otras votaciones.<\/p>\n\n\n\n<p>El anuncio fue hecho por el presidente de la AN, Jorge Rodr\u00edguez, en la sede del ente electoral, en Caracas, junto al titular del CNE, Elvis Amoroso, quien no ofreci\u00f3 declaraciones, rese\u00f1\u00f3 EFE.<\/p>\n\n\n\n<p>\u00abMe ha informado el presidente Elvis Amoroso, y le agradecemos en ese sentido, que han decidido convocar a sesi\u00f3n permanente del Consejo Nacional Electoral\u00bb, dijo Rodr\u00edguez, al lado del titular del CNE se encontraba a su lado.<\/p>\n\n\n\n<p>En rueda de prensa transmitida por el canal estatal VTV, indic\u00f3 que la Comisi\u00f3n Especial para la Revisi\u00f3n de Normas y Leyes Electorales del Parlamento entreg\u00f3 al organismo comicial un documento con propuestas relacionadas con la organizaci\u00f3n, el formato, la convocatoria, las postulaciones, el financiamiento de las campa\u00f1as y otros \u00abelementos generales\u00bb de los \u00abnueve o diez eventos electorales\u00bb previstos para 2025, entre ellos, seis consultas populares.<\/p>\n\n\n\n<p>\u00abUn ejercicio de sentido com\u00fan se\u00f1ala que tendremos que hacer elecciones muy pronto\u00bb, dijo Rodr\u00edguez, quien considera que el Estado y el CNE deben \u00abestablecer mecanismos para proteger la expresi\u00f3n a trav\u00e9s del voto\u00bb de \u00abataques brutales\u00bb como -se\u00f1al\u00f3- ocurri\u00f3 en los comicios presidenciales del pasado 28 de julio.<\/p>\n\n\n\n<p>Sin embargo, el presidente del Parlamento expres\u00f3 que esa situaci\u00f3n de \u00abataques que recibi\u00f3 directamente el sistema electoral venezolano\u00bb fue \u00abafortunadamente solventado\u00bb por el CNE, pese a que, desde entonces, no ha publicado los resultados desglosados de esos comicios en los que proclam\u00f3 ganador a Nicol\u00e1s Maduro, aunque el cronograma que aprob\u00f3 para estas votaciones lo contemplaba.<\/p>\n\n\n\n<p>Seg\u00fan una nota difundida este viernes dek Partido Socialista Unido de Venezuela (PSUV), organizaciones pol\u00edticas propusieron m\u00e1s de un centenar de fechas, que van desde junio hasta diciembre, para la celebraci\u00f3n de las venideras elecciones, incluyendo el referendo de una reforma constitucional que ser\u00e1 elaborada por una comisi\u00f3n designada esta semana por Maduro, quien puso al fiscal general, Tarek William Saab, al frente.<\/p>\n\n\n\n<p>El martes, el partido opositor Centrados en la Gente se\u00f1al\u00f3 como una \u00abprioridad\u00bb la designaci\u00f3n de un nuevo CNE, que sea \u00abindependiente y con plenas garant\u00edas de transparencia\u00bb, antes de pensar en nuevos comicios, ya que -expres\u00f3- la \u00abdesconfianza en los procesos electorales es una herida abierta que no puede ser ignorada\u00bb.<br><strong><em>ET \/ EFE<\/em><\/strong><\/p>\n","protected":false},"excerpt":{"rendered":"<p>ENTRE TORMENTAS. El Consejo Nacional Electoral (CNE) de Venezuela, se declar\u00f3 este viernes 17 de&#8230;<\/p>\n","protected":false},"author":2,"featured_media":12444,"comment_status":"closed","ping_status":"open","sticky":false,"template":"","format":"standard","meta":{"footnotes":""},"categories":[56,49],"tags":[],"class_list":["post-12443","post","type-post","status-publish","format-standard","has-post-thumbnail","hentry","category-destacadas","category-nacionales"],"_links":{"self":[{"href":"https:\/\/entretormentas.com\/index.php?rest_route=\/wp\/v2\/posts\/12443","targetHints":{"allow":["GET"]}}],"collection":[{"href":"https:\/\/entretormentas.com\/index.php?rest_route=\/wp\/v2\/posts"}],"about":[{"href":"https:\/\/entretormentas.com\/index.php?rest_route=\/wp\/v2\/types\/post"}],"author":[{"embeddable":true,"href":"https:\/\/entretormentas.com\/index.php?rest_route=\/wp\/v2\/users\/2"}],"replies":[{"embeddable":true,"href":"https:\/\/entretormentas.com\/index.php?rest_route=%2Fwp%2Fv2%2Fcomments&post=12443"}],"version-history":[{"count":1,"href":"https:\/\/entretormentas.com\/index.php?rest_route=\/wp\/v2\/posts\/12443\/revisions"}],"predecessor-version":[{"id":12445,"href":"https:\/\/entretormentas.com\/index.php?rest_route=\/wp\/v2\/posts\/12443\/revisions\/12445"}],"wp:featuredmedia":[{"embeddable":true,"href":"https:\/\/entretormentas.com\/index.php?rest_route=\/wp\/v2\/media\/12444"}],"wp:attachment":[{"href":"https:\/\/entretormentas.com\/index.php?rest_route=%2Fwp%2Fv2%2Fmedia&parent=12443"}],"wp:term":[{"taxonomy":"category","embeddable":true,"href":"https:\/\/entretormentas.com\/index.php?rest_route=%2Fwp%2Fv2%2Fcategories&post=12443"},{"taxonomy":"post_tag","embeddable":true,"href":"https:\/\/entretormentas.com\/index.php?rest_route=%2Fwp%2Fv2%2Ftags&post=12443"}],"curies":[{"name":"wp","href":"https:\/\/api.w.org\/{rel}","templated":true}]}}