{"id":12455,"date":"2025-01-18T11:58:19","date_gmt":"2025-01-18T10:58:19","guid":{"rendered":"https:\/\/entretormentas.com\/?p=12455"},"modified":"2025-01-18T11:58:19","modified_gmt":"2025-01-18T10:58:19","slug":"posicion-alcalde-e-de-maracaibo-se-desmarca-del-comunicado-de-pj-que-desconoce-a-maduro-como-presidente","status":"publish","type":"post","link":"https:\/\/entretormentas.com\/posicion-alcalde-e-de-maracaibo-se-desmarca-del-comunicado-de-pj-que-desconoce-a-maduro-como-presidente\/","title":{"rendered":"\u00a1POSICI\u00d3N! Alcalde (E) de Maracaibo se desmarca del comunicado de PJ que desconoce a Maduro como presidente"},"content":{"rendered":"\n<p><strong>ENTRE TORMENTAS. <\/strong>Adri\u00e1n Romero Mart\u00ednez, alcalde encargado de Maracaibo y dirigente de Primero Justicia Zulia, ha generado un gran revuelo en la pol\u00edtica venezolana al desmarcarse p\u00fablicamente del comunicado emitido por su partido, Primero Justicia.<\/p>\n\n\n\n<p>En una entrevista con el periodista Rafael Galicia de A 8 Columnas, Romero expres\u00f3 su desacuerdo con el contenido del comunicado y revel\u00f3 que \u00abdesde hace mucho tiempo\u00bb no tiene contacto con Juan Pablo Guanipa, una figura prominente dentro del partido.<\/p>\n\n\n\n<p>La noticia fue difundida por el periodista Rafael Galicia, a trav\u00e9s de su cuenta de X. Galicia comparti\u00f3 una exclusiva en la que informaba sobre la postura de Romero respecto al comunicado de Primero Justicia. Esta declaraci\u00f3n ha generado diversas reacciones en el \u00e1mbito pol\u00edtico y entre los seguidores del partido.<\/p>\n\n\n\n<p><strong>COMUNICADO CONTROVERSIAL<\/strong><br>El comunicado de Primero Justicia, que ha sido objeto de controversia, desconoce a Nicol\u00e1s Maduro como presidente de Venezuela.<\/p>\n\n\n\n<p>La postura de Romero al desmarcarse de este comunicado ha sido interpretada por algunos como una se\u00f1al de divisi\u00f3n dentro del partido.<\/p>\n\n\n\n<p>Su distanciamiento de la l\u00ednea oficial del partido podr\u00eda tener implicaciones significativas para su carrera pol\u00edtica y para la din\u00e1mica interna de Primero Justicia en el estado Zulia.<\/p>\n\n\n\n<p>La revelaci\u00f3n de Romero sobre su falta de contacto con Juan Pablo Guanipa a\u00f1ade una capa adicional de complejidad a la situaci\u00f3n. Guanipa, quien ha sido una figura influyente dentro de Primero Justicia, no ha emitido comentarios p\u00fablicos sobre las declaraciones de Romero hasta el momento.<\/p>\n\n\n\n<p>Esta situaci\u00f3n destaca las tensiones internas dentro del partido y plantea preguntas sobre el futuro de Romero y su relaci\u00f3n con Primero Justicia.<br><strong><em>ET \/ RDN<\/em><\/strong><\/p>\n\n\n\n<p><\/p>\n","protected":false},"excerpt":{"rendered":"<p>ENTRE TORMENTAS. Adri\u00e1n Romero Mart\u00ednez, alcalde encargado de Maracaibo y dirigente de Primero Justicia Zulia,&#8230;<\/p>\n","protected":false},"author":2,"featured_media":12456,"comment_status":"closed","ping_status":"open","sticky":false,"template":"","format":"standard","meta":{"footnotes":""},"categories":[56,1],"tags":[],"class_list":["post-12455","post","type-post","status-publish","format-standard","has-post-thumbnail","hentry","category-destacadas","category-regionales"],"_links":{"self":[{"href":"https:\/\/entretormentas.com\/index.php?rest_route=\/wp\/v2\/posts\/12455","targetHints":{"allow":["GET"]}}],"collection":[{"href":"https:\/\/entretormentas.com\/index.php?rest_route=\/wp\/v2\/posts"}],"about":[{"href":"https:\/\/entretormentas.com\/index.php?rest_route=\/wp\/v2\/types\/post"}],"author":[{"embeddable":true,"href":"https:\/\/entretormentas.com\/index.php?rest_route=\/wp\/v2\/users\/2"}],"replies":[{"embeddable":true,"href":"https:\/\/entretormentas.com\/index.php?rest_route=%2Fwp%2Fv2%2Fcomments&post=12455"}],"version-history":[{"count":1,"href":"https:\/\/entretormentas.com\/index.php?rest_route=\/wp\/v2\/posts\/12455\/revisions"}],"predecessor-version":[{"id":12457,"href":"https:\/\/entretormentas.com\/index.php?rest_route=\/wp\/v2\/posts\/12455\/revisions\/12457"}],"wp:featuredmedia":[{"embeddable":true,"href":"https:\/\/entretormentas.com\/index.php?rest_route=\/wp\/v2\/media\/12456"}],"wp:attachment":[{"href":"https:\/\/entretormentas.com\/index.php?rest_route=%2Fwp%2Fv2%2Fmedia&parent=12455"}],"wp:term":[{"taxonomy":"category","embeddable":true,"href":"https:\/\/entretormentas.com\/index.php?rest_route=%2Fwp%2Fv2%2Fcategories&post=12455"},{"taxonomy":"post_tag","embeddable":true,"href":"https:\/\/entretormentas.com\/index.php?rest_route=%2Fwp%2Fv2%2Ftags&post=12455"}],"curies":[{"name":"wp","href":"https:\/\/api.w.org\/{rel}","templated":true}]}}