{"id":12467,"date":"2025-01-19T11:07:23","date_gmt":"2025-01-19T10:07:23","guid":{"rendered":"https:\/\/entretormentas.com\/?p=12467"},"modified":"2025-01-19T11:07:24","modified_gmt":"2025-01-19T10:07:24","slug":"los-que-llegaron-al-zulia-y-se-quedaron-vii-un-italiano-surtio-la-comida-cuando-construian-el-puente-sobre-el-lago","status":"publish","type":"post","link":"https:\/\/entretormentas.com\/los-que-llegaron-al-zulia-y-se-quedaron-vii-un-italiano-surtio-la-comida-cuando-construian-el-puente-sobre-el-lago\/","title":{"rendered":"LOS QUE LLEGARON AL ZULIA Y SE QUEDARON (VII) Un italiano surti\u00f3 la comida cuando constru\u00edan el Puente Sobre el Lago"},"content":{"rendered":"\n<p><strong><em>Sucedi\u00f3 un poco m\u00e1s de 62 a\u00f1os atr\u00e1s cuando el estado Zulia ten\u00eda de gobernador a Luis Vera G\u00f3mez . El Presidente R\u00f3mulo Betancourt entreg\u00f3 una de las mejores obras de la naciente democracia venezolana. En la construcci\u00f3n trabajaron m\u00e1s de 2 mil 800 personas a quienes cada d\u00eda hab\u00eda que alimentar<\/em><\/strong><\/p>\n\n\n\n<p><strong>ENTRE TORMENTAS.<\/strong> Lleva 69 a\u00f1os viviendo en Venezuela, la mayor\u00eda en el estado Zulia, adonde lleg\u00f3 en 1955 despu\u00e9s de haber transcurrido diez a\u00f1os de terminada la Segunda Guerra Mundial. Mario Fernando Paolini Pacifici a sus 93 a\u00f1os de edad, a\u00fan recuerda la destrucci\u00f3n de la vivienda donde viv\u00eda con su mam\u00e1, cuando un bombardeo de la aviaci\u00f3n alemana hizo cenizas el hogar en su pueblo, Franca Villa Al Mare, dej\u00e1ndolos en la calle.<\/p>\n\n\n\n<p>Quiz\u00e1 su condici\u00f3n f\u00edsica de movilidad a Mario Fernando Paolini Pacifici le ha pasado factura por tener m\u00e1s de nueve d\u00e9cadas de vida. No obstante, pap\u00e1 Dios le ha dotado de una excelente memoria, &#8211;dir\u00eda alguien de elefante&#8211;, cuando el tema de contar su historia de vida, le anima a describir, detalle a detalle, las vivencias en su natal Italia y en Venezuela, su segunda patria, que lo convierte en otro protagonista de la cr\u00f3nica Los que llegaron al Zulia y se quedaron.<\/p>\n\n\n\n<p>Naci\u00f3 en el pueblo de Franca Villa Al Mare, regi\u00f3n de Chieti Abruzzo, centro de Italia, donde vino al mundo el 14 de abril de 1931. \u00danico hijo de Conchetta Pac\u00edfici y Tulio Paolini. Estudio la primaria completa y logr\u00f3 llegar al segundo a\u00f1o de bachillerato antes de verse obligado a abandonar sus estudios, ante la convulsi\u00f3n social y la inestabilidad pol\u00edtica en Italia.<\/p>\n\n\n\n<p>En el ambiente del viejo continente los temores a la guerra ya pod\u00eda respirarse y en pocos a\u00f1os la destrucci\u00f3n arrasar\u00eda con muchos pa\u00edses, cuando Adolfo Hitler decidi\u00f3 invadir y someter a pueblos enteros a la peor conflagraci\u00f3n b\u00e9lica que dej\u00f3 m\u00e1s de sesenta millones de muertos, entre ellos, a jud\u00edos, gitanos, homosexuales, prisioneros de guerra y a otras minor\u00edas \u00e9tnicas que quiso eliminar de la faz de la tierra.<\/p>\n\n\n\n<figure class=\"wp-block-image size-full\"><img fetchpriority=\"high\" decoding=\"async\" width=\"575\" height=\"583\" src=\"https:\/\/entretormentas.com\/wp-content\/uploads\/2025\/01\/image-271.png\" alt=\"\" class=\"wp-image-12469\" srcset=\"https:\/\/entretormentas.com\/wp-content\/uploads\/2025\/01\/image-271.png 575w, https:\/\/entretormentas.com\/wp-content\/uploads\/2025\/01\/image-271-296x300.png 296w\" sizes=\"(max-width: 575px) 100vw, 575px\" \/><figcaption class=\"wp-element-caption\">En segundas nupcias, Mario Fernando Paolini Pacifici, uni\u00f3 su vida con Nadia Garbatti. Este a\u00f1o cumplir\u00e1n 58 a\u00f1os de ese acontecimiento viviendo en Maracaibo. (Foto: Cortes\u00eda)<\/figcaption><\/figure>\n\n\n\n<p><strong>HORRORES DE LA GUERRA<\/strong><br>Cuando la Segunda Guerra Mundial comenz\u00f3 el\u00a01ero. de septiembre de 1939\u00a0con la invasi\u00f3n alemana de Polonia, el peque\u00f1o Mario Fernando Paolini Pacifici s\u00f3lo ten\u00eda ocho a\u00f1os de edad. A esa altura de la vida no entend\u00eda de guerras ni de las consecuencias que llegar\u00edan a su natal Franca Villa Al Mare y a toda Europa.<\/p>\n\n\n\n<p>No olvida que sus padres lo tomaban de la mano y sal\u00edan corriendo con el resto de los habitantes del pueblo, cuando la Defensa Civil activaba la alarma de bombardeos. \u00abAll\u00ed empez\u00f3 la agon\u00eda de mi madre. Los gritos, los improperios contra los alemanes. Yo era un muchacho que no entend\u00eda nada, pero si entend\u00eda que se cay\u00f3 la casa y no ten\u00edamos donde vivir\u00bb, dice.<\/p>\n\n\n\n<p>El peligro era detectado por la Defensa Civil por el ruido que produc\u00edan los aviones que pod\u00edan reconocerse si pertenec\u00edan a los alemanes o aliados. Entre la vida y la muerte s\u00f3lo dispon\u00edan de diez minutos para correr y llegar a una colina cercana, donde la poblaci\u00f3n hab\u00eda construido refugios antia\u00e9reos para preservar sus vidas.<\/p>\n\n\n\n<p>Durante un buen tiempo a \u00e9l y su mam\u00e1 Conchetta Pacifici les toc\u00f3 vivir en Galiano Aterno, otro pueblo cercano a 30 kil\u00f3metros, en la casa paterna debido a la destrucci\u00f3n del hogar donde naci\u00f3, jug\u00f3 y vivi\u00f3 antes de la guerra. Asegura que Italia, en \u00e9poca del dictador Benito Mussolini, era socia de los alemanes.<\/p>\n\n\n\n<p>\u00abMi padre\u00bb, recuerda, \u00abten\u00eda un terreno fuera de la ciudad de Franca Villa Al Mare cerca de una colina. Ellos por el ruido de los aviones reconoc\u00edan si era alem\u00e1n o no. Serv\u00eda como refugio antia\u00e9reo exactamente. De d\u00eda, yo muchacho, sac\u00e1bamos tierra para hacer el refugio en un sitio llamado Caprile\u00bb.<\/p>\n\n\n\n<p>-\u00bfPor qu\u00e9 si Mussolini era aliado de Hitler los alemanes atacaron a Franca Villa Al Mare?<br>\u00abEran alemanes, porque ellos en la guerra eran socios con Italia, pero en esa oportunidad ellos entraron al territorio italiano por Sicilia arrechos porque Italia hab\u00eda declarado un armisticio.<\/p>\n\n\n\n<p>\u00abEntonces por esa arrechera empezaron a bombardear ciudades y pueblos. Tambi\u00e9n las carreteras, tratando de obstuir los pasos, minando casas y cualquier cosa. All\u00ed cay\u00f3 mi casa y empez\u00f3 la agon\u00eda de mi madre\u00bb.<\/p>\n\n\n\n<p><strong>LLEGA A LA GUAIRA EN 1955<\/strong><br>En el a\u00f1o 1955 llega a Venezuela en plena dictadura de Marcos P\u00e9rez Jim\u00e9nez, diez a\u00f1os despu\u00e9s de terminada la guerra en Europa. Su pa\u00eds, al igual que otros, a\u00fan no estaba recuperado de aquella cat\u00e1strofe que signific\u00f3 muerte, destrucci\u00f3n, hambre, miseria y desempleo.<\/p>\n\n\n\n<p>Esa realidad y no tener un hogar propio lo llev\u00f3 a pensar en migrar a Am\u00e9rica Latina, a un pa\u00eds llamado Venezuela, donde su padre Tulio Paolini y su t\u00edo materno Filiberto Pac\u00edfici, un ingeniero civil, hab\u00edan llegado unos a\u00f1os antes.<\/p>\n\n\n\n<p>No hab\u00eda otra salida, lo pens\u00f3 bien, decidiendo embarcarse en el \u00abAuriga\u00bb, un barco militar usado en la guerra que fue modificado en su estructura, para poder transportar a la oleada de personas que sal\u00edan a cualquier destino del nuevo continente.<\/p>\n\n\n\n<figure class=\"wp-block-image size-large\"><img decoding=\"async\" width=\"1024\" height=\"768\" src=\"https:\/\/entretormentas.com\/wp-content\/uploads\/2025\/01\/image-272-1024x768.png\" alt=\"\" class=\"wp-image-12470\" srcset=\"https:\/\/entretormentas.com\/wp-content\/uploads\/2025\/01\/image-272-1024x768.png 1024w, https:\/\/entretormentas.com\/wp-content\/uploads\/2025\/01\/image-272-300x225.png 300w, https:\/\/entretormentas.com\/wp-content\/uploads\/2025\/01\/image-272-768x576.png 768w, https:\/\/entretormentas.com\/wp-content\/uploads\/2025\/01\/image-272.png 1280w\" sizes=\"(max-width: 1024px) 100vw, 1024px\" \/><figcaption class=\"wp-element-caption\">Dice que cuando estall\u00f3 la Segunda Guerra Mundial, no entend\u00eda de guerras ni de las consecuencias que llegar\u00edan a su natal Franca Villa Al Mare y a Europa. (Foto Cortes\u00eda)<\/figcaption><\/figure>\n\n\n\n<p>Afirma que \u00abcon ese antecedente\u00bb, viviendo en un pa\u00eds destruido, \u00abmi t\u00edo Filiberto Pacifici que estaba en Venezuela me llam\u00f3 y vine. En esa \u00e9poca yo viv\u00eda en la casa paterna en Gagliano Aterno\u00bb.<\/p>\n\n\n\n<p>Mario Fernando Paolini Pac\u00edfici cuando arrib\u00f3 a la que ser\u00eda su nueva patria ten\u00eda 24 a\u00f1os de edad, aproximadamente. En Caracas permaneci\u00f3 alg\u00fan tiempo desenvolvi\u00e9ndose en cualquier actividad econ\u00f3mica que le permitiera sostenerse y enviarle dinero a su mam\u00e1 Conchetta. Si bien no pudo cosechar el fruto de una formaci\u00f3n universitaria o t\u00e9cnica, nunca le sac\u00f3 el cuerpo a realizar cualquier actividad por m\u00e1s fuerte y exhausta que fuera.<\/p>\n\n\n\n<p><strong>EN LA TIERRA DEL SOL AMADA<\/strong><br>Su t\u00edo Filiberto Pacifici se vino a la capital del estado Zulia donde desarroll\u00f3 por un buen tiempo sus destrezas en la construcci\u00f3n civil. A\u00f1os despu\u00e9s disponiendo de algunos ahorros regres\u00f3 a Italia. Dice su sobrino que su t\u00edo ingeniero \u00abera un buen constructor.<\/p>\n\n\n\n<p>\u00abMuy inteligente, bueno en la profesi\u00f3n\u00bb, destacando que recuerda haber sido el italiano que construy\u00f3 el edificio de arquitectura europea que a\u00fan est\u00e1 en la esquina, al lado de la Plaza P\u00e1ez en la avenida Bella Vista, donde han funcionado varios negocios, entre ellos, concesionarios de veh\u00edculos.<\/p>\n\n\n\n<p>\u00abLlegu\u00e9 a Maracaibo\u00bb, revela Mario Paolini Pacifici, \u00abporque estando en Caracas hab\u00eda amigos, paisanos, que viv\u00edamos arrumados en una casita en El Guarataro, pegada a la Plaza Capuchinos a quinientos metros de El Silencio. Un d\u00eda salimos a bus\u00e7ar trabajo en Antimano y ah\u00ed conoc\u00ed a un se\u00f1or Peterman, americano. Era el encargado de construir la f\u00e1brica de Ace y Ariel al lado de la Cervecer\u00eda Polar\u00bb.<\/p>\n\n\n\n<p><strong>PRIMER TRABAJO EN MARACAIBO<\/strong><br>Ya en tierras marabinas, Mario Fernando Paolini Pacifici toc\u00f3 puertas buscando trabajo para subsistir y seguir enviando alg\u00fan dinero a un primo en su pueblo, a quien hab\u00eda encargado la tarea de levantar la casa de su mam\u00e1 que segu\u00eda siendo, seg\u00fan dijo, su preocupaci\u00f3n \u00abporque escucho sus gritos contra los alemanes que la destruyeron\u00bb.<\/p>\n\n\n\n<p>Esa ser\u00eda, confiesa, la primera raz\u00f3n de venirse a Venezuela. Lograr un buen empleo y tener una mejor calidad de vida. En la Ciudad del Sol Amada estuvo con su t\u00edo Filiberto Pacifici quien vivi\u00f3 en la Calle Falc\u00f3n. Quiz\u00e1 compartieron poco tiempo, porque su pariente estaba casi de salida de Venezuela. En la tarea de conseguir un trabajo conoci\u00f3 a Do\u00f1a Teresita de Muchacho, vinculada a una dinast\u00eda empresarial del estado Zulia de quien se hizo muy amigo.<\/p>\n\n\n\n<p>\u00abEl primer d\u00eda me puso a limpiar los vidrios de Zulia Motor y a la semana me dio ciento cinco bol\u00edvares, pero le dije que no hab\u00eda venido de Italia a limpiar vidrios. Ellos ten\u00edan una f\u00e1brica de galletas La Suiza al final de Bella Vista. Bueno no te preocupes me dijo. Vaya y busque al se\u00f1or tal y que te de una carga de galletas que sal\u00ed a vender. Me ganaba doscientos bol\u00edvares semanales que era un realero\u00bb.<\/p>\n\n\n\n<p><strong>NUNCA DIJO \u00abNO\u00bb A LAS OPORTUNIDADES<\/strong><br>En su largo recorrido de vida, Mario Fernando Paolini Pacifici durante su permanencia en la tierra que le abri\u00f3 las puertas de su nueva casa, ha desempe\u00f1ado muchas actividades laborales, entre ellas, constructor, vendedor de pasta, proveedor de v\u00edveres, panadero, pizzero, administrador, rutero lechero y, en fin, lo que le permitiera subsistir a \u00e9l y a su descendencia en esta regi\u00f3n de oportunidades, bendecida por Dios y La Chinita.<\/p>\n\n\n\n<p>En Ciudad Ojeda, ejemplo de haber sido La Meca del comercio y de la actividad petrolera, Mario Paolini Pacifici construy\u00f3 uno de los tres cines que ha habido en esa zona de la COL, adem\u00e1s de un sitio de esparcimiento llamado El Ol\u00edmpico, donde los extranjeros mitigaban el elevado calor zuliano.<\/p>\n\n\n\n<p>Su periplo por el estado Zulia lo llev\u00f3 a Los Puertos de Altagracia, Cabimas o la Guajira donde trasladaba seis mil litros de leche diaria, desde la finca Manzanares en Guarero, propiedad del cacique \u00c1ngel Machado, hasta la empresa Upaca en Los Haticos. Adem\u00e1s, atraves\u00f3 la frontera llevando a Maicao pasta \u00abMi Mesa\u00bb y agua potable que negociaba. La pasta colombiana era \u00abmala, oscura y dura\u00bb y el agua de consumo era salada.<\/p>\n\n\n\n<p><strong>LA \u00abPALABRA\u00bb ES EL MEJOR DOCUMENTO<\/strong><br>La construcci\u00f3n de viviendas, escuelas o cualquier tipo de edificaci\u00f3n p\u00fablica o privada, encontr\u00f3 en la colonia italiana a aventajados profesionales que contribuyeron, antes y despu\u00e9s de Marcos P\u00e9rez Jim\u00e9nez, a desarrollar la infraestructura f\u00edsica de Venezuela y el Zulia, \u00e9poca en la que un compromiso, una negociaci\u00f3n, era la \u00abpalabra\u00bb suficiente entre un cliente y el constructor.<\/p>\n\n\n\n<p>Asegura que \u00aben aquella \u00e9poca la construcci\u00f3n estaba en manos de los criollos que no cumpl\u00edan sus compromisos, porque beb\u00edan mucho. Todos los inmigrantes se apropiaron de la construcci\u00f3n que en poco tiempo qued\u00f3 en manos de los italianos. En esa ocasi\u00f3n trabaj\u00e9 con Angello Milli quien hizo el edificio del Rosmini &#8211;centro educativo&#8211; donde Milli nos mult\u00f3 para comprar un terreno donde fue construida una cancha deportiva\u00bb.<\/p>\n\n\n\n<p>La descripci\u00f3n, dir\u00eda milim\u00e9trica de su vivencia de vida la expresa, &#8211;sin perder su acento&#8211;, con vehemencia cuando recuerda que antes de la llegada del 23 de enero de 1958, sus paisanos constructores iban s\u00e1bado y domingo a la plaza Bol\u00edvar de Maracaibo, que era convertida en \u00aboficina\u00bb. Era solo necesario \u00abun lapiz de a medio, una libreta de un real y la palabra del constructor italiano\u00bb, cuando alguien requer\u00eda un buen trabajo. La calidad de las obras y la responsabilidad del compromiso verbal ya eran parte de la fama bien ganada de los europeos.<\/p>\n\n\n\n<p><strong>MUCHAS BOCAS QUE ALIMENTAR<\/strong><br>La historia de la construcci\u00f3n del Puente Sobre el Lago de Maracaibo ha dado la vuelta al mundo. En esa magna obra, entre 1959-1962, destac\u00f3 la excelencia profesional de su dise\u00f1ador, el italiano Mario Moranti y la ejecuci\u00f3n de la obra a cargo de alemanes y del venezolano, ingeniero Juan Otaola Pav\u00e1n.<\/p>\n\n\n\n<p>Sucedi\u00f3 un poco m\u00e1s de 62 a\u00f1os atr\u00e1s cuando el estado Zulia ten\u00eda de gobernador a Luis Vera G\u00f3mez. El Presidente R\u00f3mulo Betancourt entreg\u00f3 una de las mejores obras de la naciente democracia venezolana. En la construcci\u00f3n trabajaron m\u00e1s de 2 mil 800 personas a quienes cada d\u00eda hab\u00eda que alimentar.<\/p>\n\n\n\n<p>Tambi\u00e9n, otros an\u00f3nimos detr\u00e1s del gran tel\u00f3n, ser\u00edan protagonistas de ese suceso hist\u00f3rico que disparar\u00eda el futuro del Zulia y Venezuela. Cada quien en su sitio, haciendo lo suyo, cumpliendo su actividad, tiene su nombre en la p\u00e1gina del libro de esa historia. Mario Fernando Paolini Pacifici es uno de ellos.<\/p>\n\n\n\n<p>Todo comenz\u00f3 en las Veritas de Maracaibo, donde Paolini Pacifici dice que conoci\u00f3 a un se\u00f1or que ten\u00eda una peque\u00f1a f\u00e1brica de chorizos en El Potente, Haticos, otro sector de la ciudad. Le propuso que se unieran y trabajara con \u00e9l, mejorando y ampliando la carnicer\u00eda en La Arreaga.<\/p>\n\n\n\n<p>\u00abPor su proximidad con el Puente Sobre el Lago la gente pasaba y me compraba carne y v\u00edveres. En esa ocasi\u00f3n conoc\u00ed a cuatro o cinco alemanes que trabajaban en el Puente Sobre el Lago, donde la administraci\u00f3n era de los alemanes y la ejecuci\u00f3n de los criollos. Me hice amigo de ellos. En especial de uno que siempre compraba lomo de aguja y rabo de lomo que le apartaba cada semana.<\/p>\n\n\n\n<p>\u00abCon esa amistad vine consiguiendo amigos en la administraci\u00f3n de los alemanes. Ah\u00ed me conect\u00e9 y le pregunt\u00e9 a uno de ellos \u00bfd\u00f3nde compraban la carne para los trabajadores?. Uno de ellos me present\u00f3 a Juan Otaola, ingeniero venezolano que me prometi\u00f3 que iba a ayudarme para conseguir el despacho de la carne.<\/p>\n\n\n\n<figure class=\"wp-block-image size-large\"><img decoding=\"async\" width=\"768\" height=\"1024\" src=\"https:\/\/entretormentas.com\/wp-content\/uploads\/2025\/01\/image-273-768x1024.png\" alt=\"\" class=\"wp-image-12471\" srcset=\"https:\/\/entretormentas.com\/wp-content\/uploads\/2025\/01\/image-273-768x1024.png 768w, https:\/\/entretormentas.com\/wp-content\/uploads\/2025\/01\/image-273-225x300.png 225w, https:\/\/entretormentas.com\/wp-content\/uploads\/2025\/01\/image-273.png 960w\" sizes=\"(max-width: 768px) 100vw, 768px\" \/><figcaption class=\"wp-element-caption\">Un banquete result\u00f3 la conversaci\u00f3n entre el periodista y otro protagonista de Los que llegaron al Zulia y se quedaron. Seis hijos, doce nietos y dos bisnietos su mejor herencia. (Foto: Cortes\u00eda)<\/figcaption><\/figure>\n\n\n\n<p>\u00abEran trescientos kilos diarios. Tuve que comprar una cava porque la que ten\u00eda era peque\u00f1a. Era mucha carne para una carnicer\u00eda peque\u00f1a. Sin embargo, me arriesgu\u00e9 y me fue bien. Todas las noches a las nueve, yo iba al puente donde me recib\u00edan, pesaban y me firmaban la factura. Me fue bien durante tres a\u00f1os de donde saqu\u00e9 la casa donde vivo<\/p>\n\n\n\n<p><strong>DEJ\u00d3 LA SOLTER\u00cdA<\/strong><br>En un momento de su vida Mario Fernando Paolini Pacifici lleg\u00f3 a reflexionar que no todo pod\u00eda ser trabajo, trabajo y soledad, sino que ya era hora de formalizar un hogar, tener descendencia y transmitir las tradiciones y costumbres que trajo de su tierra natal.<\/p>\n\n\n\n<p>Eso ten\u00eda que llegar y as\u00ed sucedi\u00f3 cuando contrajo nupcias con la venezolana Nelly Urdaneta, nacida en el sector Veritas, uni\u00f3n matrimonial que trajo al mundo a dos hijas, Vilma y Adriana, adem\u00e1s de Alfredo, fallecido en un accidente de tr\u00e1nsito en el estado Anzo\u00e1tegui. La relaci\u00f3n de Nelly y Mario durar\u00eda doce a\u00f1os, aproximadamente.<\/p>\n\n\n\n<p>Luego Mario Fernando Paolini Pacifici unir\u00eda su destino con la italiana Nadia Garbati a quien conoci\u00f3, parad\u00f3jicamente, en la casa de su futura suegra, Isabel Pompei, donde llevaba tiempo almorzando y por esas cosas del destino, la joven reci\u00e9n llegada de Italia le flech\u00f3 el coraz\u00f3n y se casaron en 1967. Son 57 a\u00f1os de uni\u00f3n matrimonial que pap\u00e1 Dios les ha permitido compartir junto con sus hijos Roberto, Mary Isabel y Loredana.<\/p>\n\n\n\n<p>Mario Fernando Paolini Pac\u00edfici tiene ganado un \u00abCertificado de Zulianidad\u00bb como otro gran protagonista de Los que llegaron al Zulia y se quedaron. Su ejemplo de honestidad, perseverancia y disciplina es reflejo de los miles de migrantes que un d\u00eda llegaron a Venezuela y han contribuido a hacer grande la patria de Sim\u00f3n Bol\u00edvar.<br><strong><em>Por: Jos\u00e9 Aranguibel Carrasco<\/em><\/strong><\/p>\n\n\n\n<p><\/p>\n","protected":false},"excerpt":{"rendered":"<p>Sucedi\u00f3 un poco m\u00e1s de 62 a\u00f1os atr\u00e1s cuando el estado Zulia ten\u00eda de gobernador&#8230;<\/p>\n","protected":false},"author":2,"featured_media":12468,"comment_status":"closed","ping_status":"open","sticky":false,"template":"","format":"standard","meta":{"footnotes":""},"categories":[57,1],"tags":[],"class_list":["post-12467","post","type-post","status-publish","format-standard","has-post-thumbnail","hentry","category-actualidad","category-regionales"],"_links":{"self":[{"href":"https:\/\/entretormentas.com\/index.php?rest_route=\/wp\/v2\/posts\/12467","targetHints":{"allow":["GET"]}}],"collection":[{"href":"https:\/\/entretormentas.com\/index.php?rest_route=\/wp\/v2\/posts"}],"about":[{"href":"https:\/\/entretormentas.com\/index.php?rest_route=\/wp\/v2\/types\/post"}],"author":[{"embeddable":true,"href":"https:\/\/entretormentas.com\/index.php?rest_route=\/wp\/v2\/users\/2"}],"replies":[{"embeddable":true,"href":"https:\/\/entretormentas.com\/index.php?rest_route=%2Fwp%2Fv2%2Fcomments&post=12467"}],"version-history":[{"count":1,"href":"https:\/\/entretormentas.com\/index.php?rest_route=\/wp\/v2\/posts\/12467\/revisions"}],"predecessor-version":[{"id":12472,"href":"https:\/\/entretormentas.com\/index.php?rest_route=\/wp\/v2\/posts\/12467\/revisions\/12472"}],"wp:featuredmedia":[{"embeddable":true,"href":"https:\/\/entretormentas.com\/index.php?rest_route=\/wp\/v2\/media\/12468"}],"wp:attachment":[{"href":"https:\/\/entretormentas.com\/index.php?rest_route=%2Fwp%2Fv2%2Fmedia&parent=12467"}],"wp:term":[{"taxonomy":"category","embeddable":true,"href":"https:\/\/entretormentas.com\/index.php?rest_route=%2Fwp%2Fv2%2Fcategories&post=12467"},{"taxonomy":"post_tag","embeddable":true,"href":"https:\/\/entretormentas.com\/index.php?rest_route=%2Fwp%2Fv2%2Ftags&post=12467"}],"curies":[{"name":"wp","href":"https:\/\/api.w.org\/{rel}","templated":true}]}}