{"id":12485,"date":"2025-01-19T11:19:44","date_gmt":"2025-01-19T10:19:44","guid":{"rendered":"https:\/\/entretormentas.com\/?p=12485"},"modified":"2025-01-19T11:19:44","modified_gmt":"2025-01-19T10:19:44","slug":"crisis-colombiana-temen-mas-de-50-muertes-tras-enfrentamientos-entre-eln-y-disidencias-de-las-farc","status":"publish","type":"post","link":"https:\/\/entretormentas.com\/crisis-colombiana-temen-mas-de-50-muertes-tras-enfrentamientos-entre-eln-y-disidencias-de-las-farc\/","title":{"rendered":"\u00a1CRISIS COLOMBIANA! Temen m\u00e1s de 50 muertes tras enfrentamientos entre ELN y disidencias de las Farc"},"content":{"rendered":"\n<p><strong>ENTRE TORMENTAS.<\/strong> Las autoridades del departamento colombiano de Norte de Santander temen que los enfrentamientos entre la guerrilla del Ej\u00e9rcito de Liberaci\u00f3n Nacional (ELN) y una disidencia de las Farc en el Catatumbo, en el noroeste del pa\u00eds, dejen ya m\u00e1s de 50 muertos, aunque la Fiscal\u00eda y las Fuerzas Militares no han podido acceder a la zona para certificarlo.<\/p>\n\n\n\n<p>\u201cComo las Fuerzas Militares y la Fiscal\u00eda no ha podido llegar al terreno, lo \u00fanico que tenemos son especulaciones por algunas fotograf\u00edas que nos han enviado, y si es por eso yo creo que son m\u00e1s de 50 muertos\u201d, asegur\u00f3 en C\u00facuta el secretario de seguridad del departamento de Norte de Santander, el coronel retirado de la Polic\u00eda George Quintero.<\/p>\n\n\n\n<p>Adem\u00e1s de cruentos videos y fotograf\u00edas que circulan en redes, y que han llegado a las autoridades, en la Gobernaci\u00f3n de Norte de Santander tambi\u00e9n han recibido testimonios de personeros y alcaldes de los pueblos de la zona y testimonios directos de familiares de v\u00edctimas.<\/p>\n\n\n\n<p>\u201cMe llam\u00f3 hoy una persona que me dijo que hab\u00edan matado al pap\u00e1 y que ella lo hab\u00eda tenido que meter a la casa porque tambi\u00e9n la mataban si sal\u00eda\u201d, cont\u00f3 el secretario de Seguridad.<\/p>\n\n\n\n<p><strong>MIEDO E INCERTIDUMBRE<\/strong><br>Por el momento, la situaci\u00f3n sigue incierta despu\u00e9s de que en la ma\u00f1ana del jueves el ELN emprendiera una ofensiva en zonas rurales de varios municipios del Catatumbo, que abarca buena parte del departamento de Norte de Santander, contra sus rivales de las disidencias de las Farc.<\/p>\n\n\n\n<p>Los ataques han sorprendido a los habitantes de varios caser\u00edos, que tuvieron que correr a buscar refugio para protegerse de los tiroteos, todo documentado en videos subidos a las redes sociales.<\/p>\n\n\n\n<p>En esas im\u00e1genes se ve como guerrilleros del ELN recorren las calles en busca de sus v\u00edctimas y se escuchan las r\u00e1fagas de fusil y de ametralladoras.<\/p>\n\n\n\n<p>Dos d\u00edas despu\u00e9s, cuando las autoridades hablaran de m\u00e1s de 30 muertos, las cifras son a\u00fan confusas, aunque se sabe que tambi\u00e9n hay secuestrados, heridos y un gran n\u00famero de personas desplazadas que huyen de las balas.<\/p>\n\n\n\n<p>Los desplazados proceden de diversos caser\u00edos del Catatumbo, que han tenido que huir por cualquier medio hacia C\u00facuta, Oca\u00f1a o la zona urbana de Tib\u00fa en busca de protecci\u00f3n.<\/p>\n\n\n\n<p><strong>DI\u00c1LOGOS DE PAZ SUSPENDIDOS<\/strong><br>Los enfrentamientos y la escalada de tensi\u00f3n han llevado tambi\u00e9n a que el presidente colombiano, Gustavo Petro, anunciara el viernes 17 de enero la suspensi\u00f3n de los di\u00e1logos con el ELN, al que acus\u00f3 de cometer \u201ccr\u00edmenes de guerra\u201d en el Catatumbo y del que dijo que no tiene \u201cninguna voluntad de paz\u201d.<\/p>\n\n\n\n<p>La negociaci\u00f3n est\u00e1 suspendida hasta que el ELN definitivamente decida \u201ccaminar hacia la paz\u201d porque \u201ceste pa\u00eds no aguanta m\u00e1s estos vaivenes\u201d, explic\u00f3 la jefa de la delegaci\u00f3n del Gobierno en los di\u00e1logos, Vera Grabe.<br><strong><em>ET \/ Agencias<\/em><\/strong><\/p>\n","protected":false},"excerpt":{"rendered":"<p>ENTRE TORMENTAS. Las autoridades del departamento colombiano de Norte de Santander temen que los enfrentamientos&#8230;<\/p>\n","protected":false},"author":2,"featured_media":12486,"comment_status":"closed","ping_status":"open","sticky":false,"template":"","format":"standard","meta":{"footnotes":""},"categories":[56,48],"tags":[],"class_list":["post-12485","post","type-post","status-publish","format-standard","has-post-thumbnail","hentry","category-destacadas","category-internacionales"],"_links":{"self":[{"href":"https:\/\/entretormentas.com\/index.php?rest_route=\/wp\/v2\/posts\/12485","targetHints":{"allow":["GET"]}}],"collection":[{"href":"https:\/\/entretormentas.com\/index.php?rest_route=\/wp\/v2\/posts"}],"about":[{"href":"https:\/\/entretormentas.com\/index.php?rest_route=\/wp\/v2\/types\/post"}],"author":[{"embeddable":true,"href":"https:\/\/entretormentas.com\/index.php?rest_route=\/wp\/v2\/users\/2"}],"replies":[{"embeddable":true,"href":"https:\/\/entretormentas.com\/index.php?rest_route=%2Fwp%2Fv2%2Fcomments&post=12485"}],"version-history":[{"count":1,"href":"https:\/\/entretormentas.com\/index.php?rest_route=\/wp\/v2\/posts\/12485\/revisions"}],"predecessor-version":[{"id":12487,"href":"https:\/\/entretormentas.com\/index.php?rest_route=\/wp\/v2\/posts\/12485\/revisions\/12487"}],"wp:featuredmedia":[{"embeddable":true,"href":"https:\/\/entretormentas.com\/index.php?rest_route=\/wp\/v2\/media\/12486"}],"wp:attachment":[{"href":"https:\/\/entretormentas.com\/index.php?rest_route=%2Fwp%2Fv2%2Fmedia&parent=12485"}],"wp:term":[{"taxonomy":"category","embeddable":true,"href":"https:\/\/entretormentas.com\/index.php?rest_route=%2Fwp%2Fv2%2Fcategories&post=12485"},{"taxonomy":"post_tag","embeddable":true,"href":"https:\/\/entretormentas.com\/index.php?rest_route=%2Fwp%2Fv2%2Ftags&post=12485"}],"curies":[{"name":"wp","href":"https:\/\/api.w.org\/{rel}","templated":true}]}}