{"id":12488,"date":"2025-01-19T11:22:29","date_gmt":"2025-01-19T10:22:29","guid":{"rendered":"https:\/\/entretormentas.com\/?p=12488"},"modified":"2025-01-19T11:22:29","modified_gmt":"2025-01-19T10:22:29","slug":"por-conflicto-en-colombia-canciller-venezolano-anuncia-operativo-para-atender-a-desplazados","status":"publish","type":"post","link":"https:\/\/entretormentas.com\/por-conflicto-en-colombia-canciller-venezolano-anuncia-operativo-para-atender-a-desplazados\/","title":{"rendered":"\u00a1POR CONFLICTO EN COLOMBIA! Canciller venezolano anuncia operativo para atender a desplazados"},"content":{"rendered":"\n<p><strong>ENTRE TORMENTAS. <\/strong>El Gobierno de Nicol\u00e1s Maduro activ\u00f3 este s\u00e1bado un operativo para atender a la poblaci\u00f3n que ingrese al pa\u00eds desde Colombia a causa de los enfrentamientos entre la guerrilla del Ej\u00e9rcito de Liberaci\u00f3n Nacional (ELN) y una disidencia de las FARC en la regi\u00f3n del Catatumbo, que ya causaron alrededor de 30 muertos y m\u00e1s de 20 heridos en dos d\u00edas.<\/p>\n\n\n\n<p>En un mensaje difundido en Telegram, el titular de Relaciones Exteriores, Yv\u00e1n Gil, inform\u00f3 que la operaci\u00f3n se puso en marcha a trav\u00e9s de Protecci\u00f3n Civil y las alcald\u00edas de las localidades fronterizas de Jes\u00fas Mar\u00eda Sempr\u00fan (en el estado Zulia, noroeste) y Garc\u00eda de Hevia (T\u00e1chira, oeste), rese\u00f1\u00f3 EFE.<\/p>\n\n\n\n<p>El plan busca brindar atenci\u00f3n a \u00abla poblaci\u00f3n civil desplazada desde Colombia, que se ve obligada a escapar de la terrible violencia armada que les ha azotado\u00bb, se\u00f1al\u00f3 la nota, que incluy\u00f3 un video en el que se observa a un grupo de personas, entre ellos ni\u00f1os, que seg\u00fan narra una persona no identificada llegaron a territorio venezolano desde Colombia.<\/p>\n\n\n\n<p>En el comunicado, Caracas expres\u00f3 su disposici\u00f3n a \u00abprestar el apoyo humanitario requerido a la poblaci\u00f3n recurrentemente afectada por el flagelo de la guerra en el hermano pa\u00eds\u00bb.<\/p>\n\n\n\n<figure class=\"wp-block-image size-full\"><img fetchpriority=\"high\" decoding=\"async\" width=\"932\" height=\"521\" src=\"https:\/\/entretormentas.com\/wp-content\/uploads\/2025\/01\/image-282.png\" alt=\"\" class=\"wp-image-12490\" srcset=\"https:\/\/entretormentas.com\/wp-content\/uploads\/2025\/01\/image-282.png 932w, https:\/\/entretormentas.com\/wp-content\/uploads\/2025\/01\/image-282-300x168.png 300w, https:\/\/entretormentas.com\/wp-content\/uploads\/2025\/01\/image-282-768x429.png 768w\" sizes=\"(max-width: 932px) 100vw, 932px\" \/><\/figure>\n\n\n\n<p>Tras los choques armados en el Catatumbo el presidente colombiano, Gustavo Petro, decidi\u00f3 suspender este viernes los di\u00e1logos con el ELN, guerrilla a la que acus\u00f3 de cometer \u00abcr\u00edmenes de guerra\u00bb en esa regi\u00f3n y que consider\u00f3 no tiene \u00abninguna voluntad de paz\u00bb.<\/p>\n\n\n\n<p>La ofensiva emprendida desde el jueves en zonas rurales de varios municipios del Catatumbo, que abarca buena parte del departamento de Norte de Santander, por el ELN contra sus rivales de las disidencias de las FARC sorprendi\u00f3 a los habitantes de varios caser\u00edos que tuvieron que correr a buscar refugio para protegerse de los tiroteos, todo documentado en videos subidos a las redes sociales.<\/p>\n\n\n\n<p>Caracas acogi\u00f3, en noviembre de 2022, el ciclo inaugural de los di\u00e1logos entre el Gobierno de Petro y el ELN, y repiti\u00f3 como escenario de la cuarta ronda de negociaciones.<\/p>\n\n\n\n<p>Ciudad de M\u00e9xico y La Habana fueron sedes de las conversaciones entre las dos partes, que ten\u00edan planteado reunirse la pr\u00f3xima semana para reactivar la mesa de di\u00e1logos congelada desde hace meses por desavenencias.<br><strong><em>ET \/ EFE<\/em><\/strong><\/p>\n","protected":false},"excerpt":{"rendered":"<p>ENTRE TORMENTAS. El Gobierno de Nicol\u00e1s Maduro activ\u00f3 este s\u00e1bado un operativo para atender a&#8230;<\/p>\n","protected":false},"author":2,"featured_media":12489,"comment_status":"closed","ping_status":"open","sticky":false,"template":"","format":"standard","meta":{"footnotes":""},"categories":[56,49],"tags":[],"class_list":["post-12488","post","type-post","status-publish","format-standard","has-post-thumbnail","hentry","category-destacadas","category-nacionales"],"_links":{"self":[{"href":"https:\/\/entretormentas.com\/index.php?rest_route=\/wp\/v2\/posts\/12488","targetHints":{"allow":["GET"]}}],"collection":[{"href":"https:\/\/entretormentas.com\/index.php?rest_route=\/wp\/v2\/posts"}],"about":[{"href":"https:\/\/entretormentas.com\/index.php?rest_route=\/wp\/v2\/types\/post"}],"author":[{"embeddable":true,"href":"https:\/\/entretormentas.com\/index.php?rest_route=\/wp\/v2\/users\/2"}],"replies":[{"embeddable":true,"href":"https:\/\/entretormentas.com\/index.php?rest_route=%2Fwp%2Fv2%2Fcomments&post=12488"}],"version-history":[{"count":1,"href":"https:\/\/entretormentas.com\/index.php?rest_route=\/wp\/v2\/posts\/12488\/revisions"}],"predecessor-version":[{"id":12491,"href":"https:\/\/entretormentas.com\/index.php?rest_route=\/wp\/v2\/posts\/12488\/revisions\/12491"}],"wp:featuredmedia":[{"embeddable":true,"href":"https:\/\/entretormentas.com\/index.php?rest_route=\/wp\/v2\/media\/12489"}],"wp:attachment":[{"href":"https:\/\/entretormentas.com\/index.php?rest_route=%2Fwp%2Fv2%2Fmedia&parent=12488"}],"wp:term":[{"taxonomy":"category","embeddable":true,"href":"https:\/\/entretormentas.com\/index.php?rest_route=%2Fwp%2Fv2%2Fcategories&post=12488"},{"taxonomy":"post_tag","embeddable":true,"href":"https:\/\/entretormentas.com\/index.php?rest_route=%2Fwp%2Fv2%2Ftags&post=12488"}],"curies":[{"name":"wp","href":"https:\/\/api.w.org\/{rel}","templated":true}]}}