{"id":12492,"date":"2025-01-20T08:59:12","date_gmt":"2025-01-20T07:59:12","guid":{"rendered":"https:\/\/entretormentas.com\/?p=12492"},"modified":"2025-01-20T08:59:12","modified_gmt":"2025-01-20T07:59:12","slug":"conmemoracion-con-eucaristia-y-ofrenda-floral-celebran-88-anos-de-la-fundacion-de-ciudad-ojeda","status":"publish","type":"post","link":"https:\/\/entretormentas.com\/conmemoracion-con-eucaristia-y-ofrenda-floral-celebran-88-anos-de-la-fundacion-de-ciudad-ojeda\/","title":{"rendered":"\u00a1CONMEMORACI\u00d3N! Con eucarist\u00eda y ofrenda floral celebran 88\u00b0 a\u00f1os de la fundaci\u00f3n de Ciudad Ojeda"},"content":{"rendered":"\n<p><strong>ENTRE TORMENTAS. <\/strong>Autoridades locales y regionales, junto al pueblo del municipio Lagunillas se congregaron este domingo, 19 de enero, en la iglesia Santa Luc\u00eda para celebrar una eucarist\u00eda con motivo del 88\u00b0 aniversario de la fundaci\u00f3n de Ciudad Ojeda. Posteriormente se trasladaron a la plaza Bol\u00edvar para realizar una ofrenda floral.<\/p>\n\n\n\n<p>La ceremonia eclesi\u00e1stica estuvo presidida por el p\u00e1rroco N\u00e9stor Ulloa y cont\u00f3 con la presencia del alcalde Jos\u00e9 Mosquera Adarme, la primera dama Margarita de Mosquera; as\u00ed como diversos invitados especiales. En representaci\u00f3n del gobernador del estado Zulia asisti\u00f3 el secretario de Despacho, Argenis Angulo; el alcalde del municipio San Francisco, Gustavo Fern\u00e1ndez; los concejales y el tren ejecutivo del ayuntamiento local.<\/p>\n\n\n\n<p>La misa estuvo llena de un profundo esp\u00edritu de fe y gratitud, resaltando la importancia que ha tenido el crecimiento de la ciudad en estas m\u00e1s de ocho d\u00e9cadas.<\/p>\n\n\n\n<figure class=\"wp-block-image size-large\"><img fetchpriority=\"high\" decoding=\"async\" width=\"1024\" height=\"768\" src=\"https:\/\/entretormentas.com\/wp-content\/uploads\/2025\/01\/image-284-1024x768.png\" alt=\"\" class=\"wp-image-12494\" srcset=\"https:\/\/entretormentas.com\/wp-content\/uploads\/2025\/01\/image-284-1024x768.png 1024w, https:\/\/entretormentas.com\/wp-content\/uploads\/2025\/01\/image-284-300x225.png 300w, https:\/\/entretormentas.com\/wp-content\/uploads\/2025\/01\/image-284-768x576.png 768w, https:\/\/entretormentas.com\/wp-content\/uploads\/2025\/01\/image-284.png 1080w\" sizes=\"(max-width: 1024px) 100vw, 1024px\" \/><\/figure>\n\n\n\n<p>Por su parte, el alcalde Jos\u00e9 Mosquera Adarme, agradeci\u00f3 a todos los presentes su asistencia y resalt\u00f3 el gran trabajo realizado por el progreso de la ciudad. \u201cTodos somos importantes y esenciales para continuar el legado de desarrollo econ\u00f3mico, cultural y social de nuestra ciudad.\u00bb expres\u00f3 el l\u00edder de Lagunillas.<\/p>\n\n\n\n<p>Asimismo, Argenis Angulo, secretario de Despacho de gobernaci\u00f3n, resalt\u00f3 que: \u201cEsta ciudad es un ejemplo y modelo de productividad para la zulianidad\u201d.<\/p>\n\n\n\n<p>El alcalde del municipio San Francisco, Gustavo Fern\u00e1ndez, asegur\u00f3 que esta tierra es: \u201cSin\u00f3nimo de superaci\u00f3n y sus habitantes son del tama\u00f1o del compromiso que asumen a diario por seguir construyendo esta entidad\u201d.<\/p>\n\n\n\n<p>La ceremonia concluy\u00f3 con una oraci\u00f3n por la paz, la prosperidad y el bienestar de la ciudad y toda su poblaci\u00f3n, reforzando el esp\u00edritu de unidad que caracteriza a esta comunidad. \u00abCon 88 a\u00f1os de historia, nuestra ciudad se mantiene como un s\u00edmbolo de trabajo, fe y tradici\u00f3n en la regi\u00f3n zuliana. Y en nuestras manos est\u00e1 el seguir brindando desarrollo y progreso para los lagunillenses, todo gracias a una excelente labor que encabeza el gobernador Manuel Rosales y su alcalde Jos\u00e9 Mosquera. Gracias a todos y que Dios me los bendiga\u00bb, concluy\u00f3 el alcalde de Lagunillas.<br><strong><em>ET \/ Alcald\u00eda de Lagunillas<\/em><\/strong><\/p>\n","protected":false},"excerpt":{"rendered":"<p>ENTRE TORMENTAS. Autoridades locales y regionales, junto al pueblo del municipio Lagunillas se congregaron este&#8230;<\/p>\n","protected":false},"author":2,"featured_media":12493,"comment_status":"closed","ping_status":"open","sticky":false,"template":"","format":"standard","meta":{"footnotes":""},"categories":[57,1],"tags":[],"class_list":["post-12492","post","type-post","status-publish","format-standard","has-post-thumbnail","hentry","category-actualidad","category-regionales"],"_links":{"self":[{"href":"https:\/\/entretormentas.com\/index.php?rest_route=\/wp\/v2\/posts\/12492","targetHints":{"allow":["GET"]}}],"collection":[{"href":"https:\/\/entretormentas.com\/index.php?rest_route=\/wp\/v2\/posts"}],"about":[{"href":"https:\/\/entretormentas.com\/index.php?rest_route=\/wp\/v2\/types\/post"}],"author":[{"embeddable":true,"href":"https:\/\/entretormentas.com\/index.php?rest_route=\/wp\/v2\/users\/2"}],"replies":[{"embeddable":true,"href":"https:\/\/entretormentas.com\/index.php?rest_route=%2Fwp%2Fv2%2Fcomments&post=12492"}],"version-history":[{"count":1,"href":"https:\/\/entretormentas.com\/index.php?rest_route=\/wp\/v2\/posts\/12492\/revisions"}],"predecessor-version":[{"id":12495,"href":"https:\/\/entretormentas.com\/index.php?rest_route=\/wp\/v2\/posts\/12492\/revisions\/12495"}],"wp:featuredmedia":[{"embeddable":true,"href":"https:\/\/entretormentas.com\/index.php?rest_route=\/wp\/v2\/media\/12493"}],"wp:attachment":[{"href":"https:\/\/entretormentas.com\/index.php?rest_route=%2Fwp%2Fv2%2Fmedia&parent=12492"}],"wp:term":[{"taxonomy":"category","embeddable":true,"href":"https:\/\/entretormentas.com\/index.php?rest_route=%2Fwp%2Fv2%2Fcategories&post=12492"},{"taxonomy":"post_tag","embeddable":true,"href":"https:\/\/entretormentas.com\/index.php?rest_route=%2Fwp%2Fv2%2Ftags&post=12492"}],"curies":[{"name":"wp","href":"https:\/\/api.w.org\/{rel}","templated":true}]}}