{"id":12502,"date":"2025-01-20T09:05:42","date_gmt":"2025-01-20T08:05:42","guid":{"rendered":"https:\/\/entretormentas.com\/?p=12502"},"modified":"2025-01-20T09:05:42","modified_gmt":"2025-01-20T08:05:42","slug":"orgullo-regional-escuela-de-futbol-cecilio-acosta-brillo-en-valledupar-y-se-corona-campeona","status":"publish","type":"post","link":"https:\/\/entretormentas.com\/orgullo-regional-escuela-de-futbol-cecilio-acosta-brillo-en-valledupar-y-se-corona-campeona\/","title":{"rendered":"\u00a1ORGULLO REGIONAL! Escuela de F\u00fatbol Cecilio Acosta brill\u00f3 en Valledupar y se corona campeona"},"content":{"rendered":"\n<p><strong>ENTRE TORMENTAS.<\/strong> La Escuela de F\u00fatbol Cecilio Acosta hizo historia en el Festival de Escuelas de F\u00fatbol de Valledupar 2025, al conquistar dos de los tres t\u00edtulos en disputa.<\/p>\n\n\n\n<p>Las categor\u00edas sub 16 y sub 20 demostraron un juego superior y se impusieron a sus rivales colombianos con marcadores de 5-2 y 2-0, respectivamente, dejando en alto el nombre de Venezuela.<\/p>\n\n\n\n<p>Con un planteamiento estrat\u00e9gico y una ejecuci\u00f3n impecable, los j\u00f3venes talentos de Cecilio Acosta dominaron sus encuentros y vieron el fruto al consagrarse campeones.<br>Aunque la categor\u00eda sub 18 no pudo alcanzar la gloria, su desempe\u00f1o fue digno de reconocimiento. A pesar de generar numerosas oportunidades de gol, la suerte no estuvo de su lado y cayeron por un ajustado marcador de 2-1.<\/p>\n\n\n\n<figure class=\"wp-block-image size-large\"><img fetchpriority=\"high\" decoding=\"async\" width=\"1024\" height=\"959\" src=\"https:\/\/entretormentas.com\/wp-content\/uploads\/2025\/01\/image-288-1024x959.png\" alt=\"\" class=\"wp-image-12504\" srcset=\"https:\/\/entretormentas.com\/wp-content\/uploads\/2025\/01\/image-288-1024x959.png 1024w, https:\/\/entretormentas.com\/wp-content\/uploads\/2025\/01\/image-288-300x281.png 300w, https:\/\/entretormentas.com\/wp-content\/uploads\/2025\/01\/image-288-768x719.png 768w, https:\/\/entretormentas.com\/wp-content\/uploads\/2025\/01\/image-288.png 1080w\" sizes=\"(max-width: 1024px) 100vw, 1024px\" \/><\/figure>\n\n\n\n<p>\u00abEsta experiencia ha sido invaluable para nuestros atletas\u00bb, expres\u00f3 el profesor Jos\u00e9 Cortissoz, director t\u00e9cnico de la escuela. \u00abLos dos campeonatos y el subcampeonato son un reflejo del arduo trabajo y la dedicaci\u00f3n de nuestros jugadores y cuerpo t\u00e9cnico. Estos logros nos motivan a seguir mejorando y a formar atletas de alto rendimiento\u00bb.<\/p>\n\n\n\n<p>Cortissoz destac\u00f3 la importancia de los valores inculcados en la escuela: \u00abEl que se queda pensando en las derrotas nunca consigue avanzar. En Cecilio Acosta, fomentamos la resiliencia y el esp\u00edritu de superaci\u00f3n. Estos valores nos diferencian y nos permiten enfrentar los desaf\u00edos con una mentalidad ganadora\u00bb.<\/p>\n\n\n\n<p>Este lunes 20 de mayo, se llevar\u00e1 a cabo la ceremonia de premiaci\u00f3n, donde los campeones recibir\u00e1n sus merecidos trofeos y reconocimientos. Sin duda, este triunfo representa un hito en la historia de la Escuela de F\u00fatbol Cecilio Acosta y consolida su posici\u00f3n como una de las mejores escuelas de formaci\u00f3n deportiva del pa\u00eds.<br><strong><em>ET \/ Nota de Prensa<\/em><\/strong><\/p>\n","protected":false},"excerpt":{"rendered":"<p>ENTRE TORMENTAS. La Escuela de F\u00fatbol Cecilio Acosta hizo historia en el Festival de Escuelas&#8230;<\/p>\n","protected":false},"author":2,"featured_media":12503,"comment_status":"closed","ping_status":"open","sticky":false,"template":"","format":"standard","meta":{"footnotes":""},"categories":[53],"tags":[],"class_list":["post-12502","post","type-post","status-publish","format-standard","has-post-thumbnail","hentry","category-deportes"],"_links":{"self":[{"href":"https:\/\/entretormentas.com\/index.php?rest_route=\/wp\/v2\/posts\/12502","targetHints":{"allow":["GET"]}}],"collection":[{"href":"https:\/\/entretormentas.com\/index.php?rest_route=\/wp\/v2\/posts"}],"about":[{"href":"https:\/\/entretormentas.com\/index.php?rest_route=\/wp\/v2\/types\/post"}],"author":[{"embeddable":true,"href":"https:\/\/entretormentas.com\/index.php?rest_route=\/wp\/v2\/users\/2"}],"replies":[{"embeddable":true,"href":"https:\/\/entretormentas.com\/index.php?rest_route=%2Fwp%2Fv2%2Fcomments&post=12502"}],"version-history":[{"count":1,"href":"https:\/\/entretormentas.com\/index.php?rest_route=\/wp\/v2\/posts\/12502\/revisions"}],"predecessor-version":[{"id":12505,"href":"https:\/\/entretormentas.com\/index.php?rest_route=\/wp\/v2\/posts\/12502\/revisions\/12505"}],"wp:featuredmedia":[{"embeddable":true,"href":"https:\/\/entretormentas.com\/index.php?rest_route=\/wp\/v2\/media\/12503"}],"wp:attachment":[{"href":"https:\/\/entretormentas.com\/index.php?rest_route=%2Fwp%2Fv2%2Fmedia&parent=12502"}],"wp:term":[{"taxonomy":"category","embeddable":true,"href":"https:\/\/entretormentas.com\/index.php?rest_route=%2Fwp%2Fv2%2Fcategories&post=12502"},{"taxonomy":"post_tag","embeddable":true,"href":"https:\/\/entretormentas.com\/index.php?rest_route=%2Fwp%2Fv2%2Ftags&post=12502"}],"curies":[{"name":"wp","href":"https:\/\/api.w.org\/{rel}","templated":true}]}}