{"id":12511,"date":"2025-01-20T09:11:08","date_gmt":"2025-01-20T08:11:08","guid":{"rendered":"https:\/\/entretormentas.com\/?p=12511"},"modified":"2025-01-20T09:11:08","modified_gmt":"2025-01-20T08:11:08","slug":"antes-de-asuncion-de-trump-edmundo-gonzalez-se-reunio-en-washington-con-el-presidente-de-paraguay","status":"publish","type":"post","link":"https:\/\/entretormentas.com\/antes-de-asuncion-de-trump-edmundo-gonzalez-se-reunio-en-washington-con-el-presidente-de-paraguay\/","title":{"rendered":"\u00a1ANTES DE ASUNCI\u00d3N DE TRUMP! Edmundo Gonz\u00e1lez se reuni\u00f3 en Washington con el presidente de Paraguay"},"content":{"rendered":"\n<p><strong>ENTRE TORMENTAS. <\/strong>El presidente electo de Venezuela, Edmundo Gonz\u00e1lez Urrutia, se reuni\u00f3 este domingo en la ciudad de Washington con el presidente de Paraguay, Santiago Pe\u00f1a, en el marco de los encuentros que sostiene previo a la asunci\u00f3n del mandatario Donald Trump en Estados Unidos.<\/p>\n\n\n\n<p>Durante la reuni\u00f3n, Gonz\u00e1lez Urrutia y Pe\u00f1a hablaron sobre \u00abtemas bilaterales y sobre el compromiso de parte del gobierno paraguayo para trabajar conjuntamente por la libertad democr\u00e1tica en Venezuela\u00bb.<\/p>\n\n\n\n<p>Pe\u00f1a reiter\u00f3 su \u00abcompromiso con la democracia y expres\u00f3 su apoyo al proceso de transici\u00f3n en Venezuela\u00bb, luego de que Nicol\u00e1s Maduro fue investido ileg\u00edtimamente en medio de cuestionamientos por su fraudulenta victoria, y destac\u00f3 la \u00abimportancia de trabajar junto con la comunidad internacional para contribuir a la restauraci\u00f3n de la democracia\u00bb, detall\u00f3 un comunicado difundido por la Presidencia paraguaya.<\/p>\n\n\n\n<p>Gonz\u00e1lez Urrutia dijo sentir el respaldo y apoyo de Paraguay y pa\u00edses de la regi\u00f3n. \u00abMuy complacido con este encuentro, no solo hablamos de lo que tiene que ver con cuestiones bilaterales sino del compromiso de parte del Gobierno paraguayo con trabajar conjuntamente por la libertad democr\u00e1tica en Venezuela\u00bb, se\u00f1al\u00f3 el l\u00edder venezolano.<\/p>\n\n\n\n<p>Agreg\u00f3 que est\u00e1n realizando \u00abun esfuerzo sin descanso\u00bb para recuperar la democracia y reiter\u00f3 que Venezuela \u00abest\u00e1 en manos de un r\u00e9gimen que no respeta los derechos humanos ni las libertades democr\u00e1ticas\u00bb.<br><strong><em>ET \/ Agencias<\/em><\/strong><\/p>\n","protected":false},"excerpt":{"rendered":"<p>ENTRE TORMENTAS. El presidente electo de Venezuela, Edmundo Gonz\u00e1lez Urrutia, se reuni\u00f3 este domingo en&#8230;<\/p>\n","protected":false},"author":2,"featured_media":12512,"comment_status":"closed","ping_status":"open","sticky":false,"template":"","format":"standard","meta":{"footnotes":""},"categories":[48],"tags":[],"class_list":["post-12511","post","type-post","status-publish","format-standard","has-post-thumbnail","hentry","category-internacionales"],"_links":{"self":[{"href":"https:\/\/entretormentas.com\/index.php?rest_route=\/wp\/v2\/posts\/12511","targetHints":{"allow":["GET"]}}],"collection":[{"href":"https:\/\/entretormentas.com\/index.php?rest_route=\/wp\/v2\/posts"}],"about":[{"href":"https:\/\/entretormentas.com\/index.php?rest_route=\/wp\/v2\/types\/post"}],"author":[{"embeddable":true,"href":"https:\/\/entretormentas.com\/index.php?rest_route=\/wp\/v2\/users\/2"}],"replies":[{"embeddable":true,"href":"https:\/\/entretormentas.com\/index.php?rest_route=%2Fwp%2Fv2%2Fcomments&post=12511"}],"version-history":[{"count":1,"href":"https:\/\/entretormentas.com\/index.php?rest_route=\/wp\/v2\/posts\/12511\/revisions"}],"predecessor-version":[{"id":12513,"href":"https:\/\/entretormentas.com\/index.php?rest_route=\/wp\/v2\/posts\/12511\/revisions\/12513"}],"wp:featuredmedia":[{"embeddable":true,"href":"https:\/\/entretormentas.com\/index.php?rest_route=\/wp\/v2\/media\/12512"}],"wp:attachment":[{"href":"https:\/\/entretormentas.com\/index.php?rest_route=%2Fwp%2Fv2%2Fmedia&parent=12511"}],"wp:term":[{"taxonomy":"category","embeddable":true,"href":"https:\/\/entretormentas.com\/index.php?rest_route=%2Fwp%2Fv2%2Fcategories&post=12511"},{"taxonomy":"post_tag","embeddable":true,"href":"https:\/\/entretormentas.com\/index.php?rest_route=%2Fwp%2Fv2%2Ftags&post=12511"}],"curies":[{"name":"wp","href":"https:\/\/api.w.org\/{rel}","templated":true}]}}