{"id":12542,"date":"2025-01-21T08:56:42","date_gmt":"2025-01-21T07:56:42","guid":{"rendered":"https:\/\/entretormentas.com\/?p=12542"},"modified":"2025-01-21T08:56:43","modified_gmt":"2025-01-21T07:56:43","slug":"al-destacamento-de-la-gnb-en-la-carcel-de-sabaneta-cnp-zulia-denuncia-traslado-de-leandro-palmar-y-belises-cubillan","status":"publish","type":"post","link":"https:\/\/entretormentas.com\/al-destacamento-de-la-gnb-en-la-carcel-de-sabaneta-cnp-zulia-denuncia-traslado-de-leandro-palmar-y-belises-cubillan\/","title":{"rendered":"\u00a1AL DESTACAMENTO DE LA GNB EN LA C\u00c1RCEL DE SABANETA! CNP Zulia denuncia traslado de Leandro Palmar y Belises Cubill\u00e1n"},"content":{"rendered":"\n<p><strong>ENTRE TORMENTAS.<\/strong> El Colegio Nacional de Periodistas (CNP) Seccional Zulia, denunci\u00f3 el traslado del periodista Leandro Palmar y su t\u00e9cnico audiovisual Belises Cubill\u00e1n al Destacamento de la GNB de Sabaneta en Maracaibo, ubicado en el recinto penal.<\/p>\n\n\n\n<p>Palmar es coordinador de informaci\u00f3n del Luz Radio 102.9 fm y fue detenido arbitrariamente junto a Cubill\u00e1n el pasado 9 de enero, mientras documentaban una protesta pac\u00edfica en la Plaza de la Rep\u00fablica, en la entidad zuliana.<\/p>\n\n\n\n<p>\u00abNos enfrentamos pues a una nueva arbitrariedad que se comete en contra de nuestro colega y su t\u00e9cnico, quienes han permanecido privados de su libertad durante 12 d\u00edas sin motivo alguno\u00bb, expuso el CNP en un comunicado, difundido este lunes 20 de enero.<\/p>\n\n\n\n<p>Denunciaron adem\u00e1s que la prolongada detenci\u00f3n y las condiciones de reclusi\u00f3n est\u00e1n afectando gravemente la salud de Leandro Palmar, quien padece de hipertensi\u00f3n arterial. Su familia, colegas y allegados nos han expresado su preocupaci\u00f3n y temor por la vida y condici\u00f3n de salud del periodista en cuesti\u00f3n. Ante ello, reiteramo, en nombre del gremio period\u00edstico, el llamado urgente a las autoridades para la inmediata liberaci\u00f3n de ambos.<\/p>\n\n\n\n<p>\u00abSobre el caso judicial de Palmar y Cubill\u00e1n, inocentes de los cargos que se les pretenden imputar, est\u00e1 en manos de la Fiscal\u00eda 101 con Competencia Nacional en Delincuencia Organizada, Abog. Carlos Ratia\u00bb, precisa el CNP Zulia.<\/p>\n\n\n\n<p>En el comunicado finalizan diciendo que \u00abel CNP Zulia reitera su compromiso con la defensa de la libertad de expresi\u00f3n y el derecho a informar y ser informados. Conminamos a la sociedad civil, a los organismos internacionales y a todos los sectores democr\u00e1ticos a solidarizarse con nuestro colega y su compa\u00f1ero de trabajo, y exigir juntos el respeto de sus derechos fundamentales\u00bb.<br><strong><em>ET \/ Nota de Prensa CNP Zulia<\/em><\/strong><\/p>\n","protected":false},"excerpt":{"rendered":"<p>ENTRE TORMENTAS. El Colegio Nacional de Periodistas (CNP) Seccional Zulia, denunci\u00f3 el traslado del periodista&#8230;<\/p>\n","protected":false},"author":2,"featured_media":12543,"comment_status":"closed","ping_status":"open","sticky":false,"template":"","format":"standard","meta":{"footnotes":""},"categories":[57,1],"tags":[],"class_list":["post-12542","post","type-post","status-publish","format-standard","has-post-thumbnail","hentry","category-actualidad","category-regionales"],"_links":{"self":[{"href":"https:\/\/entretormentas.com\/index.php?rest_route=\/wp\/v2\/posts\/12542","targetHints":{"allow":["GET"]}}],"collection":[{"href":"https:\/\/entretormentas.com\/index.php?rest_route=\/wp\/v2\/posts"}],"about":[{"href":"https:\/\/entretormentas.com\/index.php?rest_route=\/wp\/v2\/types\/post"}],"author":[{"embeddable":true,"href":"https:\/\/entretormentas.com\/index.php?rest_route=\/wp\/v2\/users\/2"}],"replies":[{"embeddable":true,"href":"https:\/\/entretormentas.com\/index.php?rest_route=%2Fwp%2Fv2%2Fcomments&post=12542"}],"version-history":[{"count":1,"href":"https:\/\/entretormentas.com\/index.php?rest_route=\/wp\/v2\/posts\/12542\/revisions"}],"predecessor-version":[{"id":12544,"href":"https:\/\/entretormentas.com\/index.php?rest_route=\/wp\/v2\/posts\/12542\/revisions\/12544"}],"wp:featuredmedia":[{"embeddable":true,"href":"https:\/\/entretormentas.com\/index.php?rest_route=\/wp\/v2\/media\/12543"}],"wp:attachment":[{"href":"https:\/\/entretormentas.com\/index.php?rest_route=%2Fwp%2Fv2%2Fmedia&parent=12542"}],"wp:term":[{"taxonomy":"category","embeddable":true,"href":"https:\/\/entretormentas.com\/index.php?rest_route=%2Fwp%2Fv2%2Fcategories&post=12542"},{"taxonomy":"post_tag","embeddable":true,"href":"https:\/\/entretormentas.com\/index.php?rest_route=%2Fwp%2Fv2%2Ftags&post=12542"}],"curies":[{"name":"wp","href":"https:\/\/api.w.org\/{rel}","templated":true}]}}