{"id":12545,"date":"2025-01-21T09:00:43","date_gmt":"2025-01-21T08:00:43","guid":{"rendered":"https:\/\/entretormentas.com\/?p=12545"},"modified":"2025-01-21T09:00:44","modified_gmt":"2025-01-21T08:00:44","slug":"en-su-primera-clase-alcaldia-de-maracaibo-conmemora-a-13-personajes-e-instituciones-con-la-orden-san-sebastian","status":"publish","type":"post","link":"https:\/\/entretormentas.com\/en-su-primera-clase-alcaldia-de-maracaibo-conmemora-a-13-personajes-e-instituciones-con-la-orden-san-sebastian\/","title":{"rendered":"\u00a1EN SU PRIMERA CLASE! Alcald\u00eda de Maracaibo conmemora a 13 personajes e instituciones con la Orden San Sebasti\u00e1n"},"content":{"rendered":"\n<p><strong>ENTRE TORMENTAS. <\/strong>Con discursos sobre trabajo, historia y compromiso, se desarroll\u00f3 este lunes 20 de enero la sesi\u00f3n solemne en homenaje a San Sebasti\u00e1n, patrono de Maracaibo, en las instalaciones del Teatro Baralt, donde 13 personalidades de la regi\u00f3n recibieron, de parte de la Alcald\u00eda de Maracaibo, la Orden San Sebasti\u00e1n en su primera clase por su aporte a la ciudad desde diferentes \u00e1reas.<\/p>\n\n\n\n<p>Adri\u00e1n Romero Mart\u00ednez, alcalde encargado de Maracaibo, se\u00f1al\u00f3 que la ciudad requiere del esfuerzo de todos para consolidar proyectos y visiones, por lo cual agradeci\u00f3 el aporte de los 13 condecorados en la construcci\u00f3n de soluciones para los marabinos. \u201cCada uno desde sus espacios brindan lo mejor de s\u00ed, siendo referentes y construyendo el futuro que tanto anhelamos. Cada uno de ustedes, me llenan de orgullo. Cuenten conmigo, cuenten con la Alcald\u00eda de Maracaibo ya que, as\u00ed como ustedes, yo sue\u00f1o con ver a mi Maracaibo brillar\u201d.<\/p>\n\n\n\n<figure class=\"wp-block-image size-large\"><img fetchpriority=\"high\" decoding=\"async\" width=\"1024\" height=\"576\" src=\"https:\/\/entretormentas.com\/wp-content\/uploads\/2025\/01\/image-307-1024x576.png\" alt=\"\" class=\"wp-image-12547\" srcset=\"https:\/\/entretormentas.com\/wp-content\/uploads\/2025\/01\/image-307-1024x576.png 1024w, https:\/\/entretormentas.com\/wp-content\/uploads\/2025\/01\/image-307-300x169.png 300w, https:\/\/entretormentas.com\/wp-content\/uploads\/2025\/01\/image-307-768x432.png 768w, https:\/\/entretormentas.com\/wp-content\/uploads\/2025\/01\/image-307.png 1080w\" sizes=\"(max-width: 1024px) 100vw, 1024px\" \/><\/figure>\n\n\n\n<p>Ante la presencia del gobernador Manuel Rosales Guerreo, el presidente del Concejo Municipal Omar Molina y diferentes personalidades municipales y de la regi\u00f3n, la periodista Andreina Socorro de Bernardoni, fue la primera en recibir la distinci\u00f3n y procedi\u00f3 a leer su discurso como oradora de orden.<\/p>\n\n\n\n<p>El discurso de Socorro, cont\u00f3 la historia de su bisabuelo Eduardo L\u00f3pez Bustamante pase\u00e1ndose por los aportes de todos los homenajeados a la ciudad de Maracaibo destacando que: \u201cEn el empe\u00f1o estructural de ser todos uno, Maracaibo ha desarrollado varios enfoques de labor, entre ellos la educaci\u00f3n\u201d, el emprendimiento y la colaboraci\u00f3n de cada organizaci\u00f3n, asociaci\u00f3n civil y profesional que creci\u00f3 y que se desarrolla aportando su esfuerzo para la ciudad.<\/p>\n\n\n\n<p>\u201cQue todos seamos uno, que como San Sebasti\u00e1n seamos valientes y misericordiosos\u2026 sigamos hoy su ejemplo y tomemos acci\u00f3n en el escaso metro cuadrado donde podemos pisar y recordemos cada d\u00eda que Dios no usa reloj\u201d, finaliz\u00f3 Socorro.<\/p>\n\n\n\n<figure class=\"wp-block-image size-large\"><img decoding=\"async\" width=\"1024\" height=\"576\" src=\"https:\/\/entretormentas.com\/wp-content\/uploads\/2025\/01\/image-308-1024x576.png\" alt=\"\" class=\"wp-image-12548\" srcset=\"https:\/\/entretormentas.com\/wp-content\/uploads\/2025\/01\/image-308-1024x576.png 1024w, https:\/\/entretormentas.com\/wp-content\/uploads\/2025\/01\/image-308-300x169.png 300w, https:\/\/entretormentas.com\/wp-content\/uploads\/2025\/01\/image-308-768x432.png 768w, https:\/\/entretormentas.com\/wp-content\/uploads\/2025\/01\/image-308.png 1080w\" sizes=\"(max-width: 1024px) 100vw, 1024px\" \/><\/figure>\n\n\n\n<p>Luego, uno a uno, recibieron la distinci\u00f3n, empezando por el Pbro. Jes\u00fas Enrique Rinc\u00f3n Ortega, seguido del Dr. Gustavo Baptista Romero, la paratleta Alejandra Paola P\u00e9rez L\u00f3pez, la Msc. Argenis Alexander Angulo Parra, la empresa Caf\u00e9 Imperial, la Comisi\u00f3n para los Derechos Humanos del Estado Zulia (Codhez), Alianza Francesa de Maracaibo, la Unidad Educativa Colegio \u00abSan Vicente De Paul\u00bb, \u00abAzul Positivo\u00bb, Asociaci\u00f3n Civil Acci\u00f3n Zuliana por La Vida, la Fundaci\u00f3n \u00abEcorisas\u00bb, Profuturo y para finalizar, Pastelitos \u00abSan Rafael\u00bb.<\/p>\n\n\n\n<p>\u201cNo es peque\u00f1o el reto que tenemos frente a nuestras manos, pero estoy convencido de que todos unidos somos capaces de construir maravillosas oportunidades para nuestra Casa Grande\u201d, concluy\u00f3 el Alcalde encargado.<br><strong><em>ET \/ DCI Alcald\u00eda de Maracaibo<\/em><\/strong><\/p>\n","protected":false},"excerpt":{"rendered":"<p>ENTRE TORMENTAS. Con discursos sobre trabajo, historia y compromiso, se desarroll\u00f3 este lunes 20 de&#8230;<\/p>\n","protected":false},"author":2,"featured_media":12546,"comment_status":"closed","ping_status":"open","sticky":false,"template":"","format":"standard","meta":{"footnotes":""},"categories":[57,1],"tags":[],"class_list":["post-12545","post","type-post","status-publish","format-standard","has-post-thumbnail","hentry","category-actualidad","category-regionales"],"_links":{"self":[{"href":"https:\/\/entretormentas.com\/index.php?rest_route=\/wp\/v2\/posts\/12545","targetHints":{"allow":["GET"]}}],"collection":[{"href":"https:\/\/entretormentas.com\/index.php?rest_route=\/wp\/v2\/posts"}],"about":[{"href":"https:\/\/entretormentas.com\/index.php?rest_route=\/wp\/v2\/types\/post"}],"author":[{"embeddable":true,"href":"https:\/\/entretormentas.com\/index.php?rest_route=\/wp\/v2\/users\/2"}],"replies":[{"embeddable":true,"href":"https:\/\/entretormentas.com\/index.php?rest_route=%2Fwp%2Fv2%2Fcomments&post=12545"}],"version-history":[{"count":1,"href":"https:\/\/entretormentas.com\/index.php?rest_route=\/wp\/v2\/posts\/12545\/revisions"}],"predecessor-version":[{"id":12549,"href":"https:\/\/entretormentas.com\/index.php?rest_route=\/wp\/v2\/posts\/12545\/revisions\/12549"}],"wp:featuredmedia":[{"embeddable":true,"href":"https:\/\/entretormentas.com\/index.php?rest_route=\/wp\/v2\/media\/12546"}],"wp:attachment":[{"href":"https:\/\/entretormentas.com\/index.php?rest_route=%2Fwp%2Fv2%2Fmedia&parent=12545"}],"wp:term":[{"taxonomy":"category","embeddable":true,"href":"https:\/\/entretormentas.com\/index.php?rest_route=%2Fwp%2Fv2%2Fcategories&post=12545"},{"taxonomy":"post_tag","embeddable":true,"href":"https:\/\/entretormentas.com\/index.php?rest_route=%2Fwp%2Fv2%2Ftags&post=12545"}],"curies":[{"name":"wp","href":"https:\/\/api.w.org\/{rel}","templated":true}]}}