{"id":12550,"date":"2025-01-21T09:04:13","date_gmt":"2025-01-21T08:04:13","guid":{"rendered":"https:\/\/entretormentas.com\/?p=12550"},"modified":"2025-01-21T09:04:14","modified_gmt":"2025-01-21T08:04:14","slug":"adrian-romero-alcalde-e-de-maracaibo-estamos-en-defensa-constante-de-nuestra-ciudad","status":"publish","type":"post","link":"https:\/\/entretormentas.com\/adrian-romero-alcalde-e-de-maracaibo-estamos-en-defensa-constante-de-nuestra-ciudad\/","title":{"rendered":"ADRI\u00c1N ROMERO, ALCALDE (E) DE MARACAIBO: \u00abEstamos en defensa constante de nuestra ciudad\u00bb"},"content":{"rendered":"\n<p><strong>ENTRE TORMENTAS.<\/strong> \u00abEstamos en defensa constante de nuestra ciudad\u201d, se\u00f1al\u00f3 Adri\u00e1n Romero Mart\u00ednez, alcalde encargado de Maracaibo, durante la sesi\u00f3n solemne en honor a San Sebasti\u00e1n realizada este lunes 20 de enero del 2025, en el Teatro Baralt. Sus palabras fueron orientadas a la esperanza, al acompa\u00f1amiento de los marabinos, a los logros obtenidos durante sus 100 d\u00edas de labores y al futuro de la ciudad, en un acto donde se honr\u00f3 la vida y las acciones de 13 personas e instituciones destacadas de Maracaibo.<\/p>\n\n\n\n<p>\u201cSan Sebasti\u00e1n, nos ha ense\u00f1ado a nunca desistir, a estar siempre firmes y cargados de fe; porque Maracaibo no merece regresar al pasado, Maracaibo es una ciudad de futuro y de esperanza. Desde el 2021 hemos visto la evoluci\u00f3n de nuestra ciudad. Hoy nosotros seguimos bajo esa ense\u00f1anza, de que la pol\u00edtica es servicio y debe enfocarse en brindar bienestar a nuestros vecinos, quienes hoy m\u00e1s que nunca necesitan la mano amiga que hoy les tendemos\u201d, se\u00f1al\u00f3 Romero Mart\u00ednez.<\/p>\n\n\n\n<figure class=\"wp-block-image size-large\"><img fetchpriority=\"high\" decoding=\"async\" width=\"1024\" height=\"576\" src=\"https:\/\/entretormentas.com\/wp-content\/uploads\/2025\/01\/image-310-1024x576.png\" alt=\"\" class=\"wp-image-12552\" srcset=\"https:\/\/entretormentas.com\/wp-content\/uploads\/2025\/01\/image-310-1024x576.png 1024w, https:\/\/entretormentas.com\/wp-content\/uploads\/2025\/01\/image-310-300x169.png 300w, https:\/\/entretormentas.com\/wp-content\/uploads\/2025\/01\/image-310-768x432.png 768w, https:\/\/entretormentas.com\/wp-content\/uploads\/2025\/01\/image-310.png 1280w\" sizes=\"(max-width: 1024px) 100vw, 1024px\" \/><\/figure>\n\n\n\n<p>Adem\u00e1s, hizo un repaso por las mejoras y los avances realizados en sus 100 d\u00edas de labores como alcalde encargado. Inici\u00f3 mencionando los mil 90 huecos bacheados con el Plan R\u00e1pido de Bacheo 2024 que abord\u00f3 a 29 sectores de Maracaibo beneficiando a los choferes y usuarios de 55 l\u00edneas de transporte. Sigui\u00f3 al mencionar los tres grandes proyectos de asfaltado: el de la calle 83 desde Bella Vista hasta La Uni\u00f3n, mejor conocido como Cuevas del Humo, en la parroquia Santa Luc\u00eda; el de la doble v\u00eda de la calle 93 en el sector Buena Vista, en la parroquia Cacique Mara; y el de la avenida 44 del sector El Calvario, mejor conocido como la avenida principal de la urbanizaci\u00f3n Lago Azul, de la parroquia Manuel Dagnino.<\/p>\n\n\n\n<p>\u201cPodemos decir que hemos hecho un gran esfuerzo en materia de vialidad, en una ciudad que avanza movi\u00e9ndose por el comercio y hacia el futuro; una ciudad que no se detiene ante los contratiempos\u201d, destac\u00f3 el Alcalde encargado.<\/p>\n\n\n\n<p>Se\u00f1al\u00f3 que luego un esfuerzo \u201ctit\u00e1nico\u201d, se super\u00f3 de nuevo la barrera del 90 por ciento de efectividad diaria de recolecci\u00f3n en cada parroquia y se sanearon nueve tramos de tres ca\u00f1adas de la ciudad de donde se sacaron cuatro mil 200 toneladas de desechos. \u201cLos datos que tenemos nos indica que, sosteniendo el ritmo, dentro de muy poco, podremos avanzar al incluir m\u00e1s parroquias en la frecuencia de recolecci\u00f3n bisemanal. Contamos con la fuerza de voluntad para mantener a Maracaibo limpia y verde\u201d, afirm\u00f3.<\/p>\n\n\n\n<figure class=\"wp-block-image size-large\"><img decoding=\"async\" width=\"576\" height=\"1024\" src=\"https:\/\/entretormentas.com\/wp-content\/uploads\/2025\/01\/image-311-576x1024.png\" alt=\"\" class=\"wp-image-12553\" srcset=\"https:\/\/entretormentas.com\/wp-content\/uploads\/2025\/01\/image-311-576x1024.png 576w, https:\/\/entretormentas.com\/wp-content\/uploads\/2025\/01\/image-311-169x300.png 169w, https:\/\/entretormentas.com\/wp-content\/uploads\/2025\/01\/image-311.png 720w\" sizes=\"(max-width: 576px) 100vw, 576px\" \/><\/figure>\n\n\n\n<p>Tambi\u00e9n repas\u00f3 los avances en materia educativa al recordar la firma del convenio marco con el Instituto Universitario Polit\u00e9cnico Santiago Mari\u00f1o extensi\u00f3n Maracaibo y el Tecnol\u00f3gico Antonio Jos\u00e9 de Sucre e hizo \u00e9nfasis en la gaita Canto ciudadano del Instituto Municipal de la Gaita Ricardo Aguirre (IMGRA).<\/p>\n\n\n\n<p>\u201cInvitamos a todos quienes nos escuchan hoy, a quienes nos ven en la calle todos los d\u00edas trabajado por la ciudad y a quienes desean una Maracaibo de reencuentro para criar hijos y nietos, a que se apropien de la bondad de Dios que no se muda y de la firmeza de San Sebasti\u00e1n que nos invita a luchar; a que nos acompa\u00f1en en esta labor, que no abandonaremos y que sabemos que libraremos con trabajo y compromiso para lograr la Maracaibo que so\u00f1amos\u201d, concluy\u00f3 el Alcalde encargado.<br><strong><em>ET \/ DCI Alcald\u00eda de Maracaibo<\/em><\/strong><\/p>\n","protected":false},"excerpt":{"rendered":"<p>ENTRE TORMENTAS. \u00abEstamos en defensa constante de nuestra ciudad\u201d, se\u00f1al\u00f3 Adri\u00e1n Romero Mart\u00ednez, alcalde encargado&#8230;<\/p>\n","protected":false},"author":2,"featured_media":12551,"comment_status":"closed","ping_status":"open","sticky":false,"template":"","format":"standard","meta":{"footnotes":""},"categories":[57,1],"tags":[],"class_list":["post-12550","post","type-post","status-publish","format-standard","has-post-thumbnail","hentry","category-actualidad","category-regionales"],"_links":{"self":[{"href":"https:\/\/entretormentas.com\/index.php?rest_route=\/wp\/v2\/posts\/12550","targetHints":{"allow":["GET"]}}],"collection":[{"href":"https:\/\/entretormentas.com\/index.php?rest_route=\/wp\/v2\/posts"}],"about":[{"href":"https:\/\/entretormentas.com\/index.php?rest_route=\/wp\/v2\/types\/post"}],"author":[{"embeddable":true,"href":"https:\/\/entretormentas.com\/index.php?rest_route=\/wp\/v2\/users\/2"}],"replies":[{"embeddable":true,"href":"https:\/\/entretormentas.com\/index.php?rest_route=%2Fwp%2Fv2%2Fcomments&post=12550"}],"version-history":[{"count":1,"href":"https:\/\/entretormentas.com\/index.php?rest_route=\/wp\/v2\/posts\/12550\/revisions"}],"predecessor-version":[{"id":12554,"href":"https:\/\/entretormentas.com\/index.php?rest_route=\/wp\/v2\/posts\/12550\/revisions\/12554"}],"wp:featuredmedia":[{"embeddable":true,"href":"https:\/\/entretormentas.com\/index.php?rest_route=\/wp\/v2\/media\/12551"}],"wp:attachment":[{"href":"https:\/\/entretormentas.com\/index.php?rest_route=%2Fwp%2Fv2%2Fmedia&parent=12550"}],"wp:term":[{"taxonomy":"category","embeddable":true,"href":"https:\/\/entretormentas.com\/index.php?rest_route=%2Fwp%2Fv2%2Fcategories&post=12550"},{"taxonomy":"post_tag","embeddable":true,"href":"https:\/\/entretormentas.com\/index.php?rest_route=%2Fwp%2Fv2%2Ftags&post=12550"}],"curies":[{"name":"wp","href":"https:\/\/api.w.org\/{rel}","templated":true}]}}