{"id":12560,"date":"2025-01-21T09:10:39","date_gmt":"2025-01-21T08:10:39","guid":{"rendered":"https:\/\/entretormentas.com\/?p=12560"},"modified":"2025-01-21T09:10:39","modified_gmt":"2025-01-21T08:10:39","slug":"felipe-mujica-secretario-general-del-mas-no-votar-seria-el-mismo-error","status":"publish","type":"post","link":"https:\/\/entretormentas.com\/felipe-mujica-secretario-general-del-mas-no-votar-seria-el-mismo-error\/","title":{"rendered":"FELIPE MUJICA, SECRETARIO GENERAL DEL MAS: \u00abNo votar ser\u00eda el mismo error\u00bb"},"content":{"rendered":"\n<p><strong>ENTRE TORMENTAS.<\/strong> Para el secretario general del MAS, Felipe Mujica, ser\u00eda un gran error abstenerse en las distintas elecciones previstas para este a\u00f1o. Se\u00f1al\u00f3 que la tolda naranja no ha dejado de participar en ning\u00fan proceso comicial en los 54 a\u00f1os de vida que tiene la organizaci\u00f3n pol\u00edtica.<\/p>\n\n\n\n<p>\u00abEl MAS particip\u00f3 en la pasada elecci\u00f3n presidencial, a pesar de que el CNE, de manera arbitraria y sin ning\u00fan tipo de argumento legal, decidi\u00f3 quitarnos la tarjeta\u00bb.<\/p>\n\n\n\n<p>Enfatiz\u00f3 que la elecci\u00f3n de diputados a la Asamblea Nacional, gobernadores, legisladores, alcaldes y concejales exige una planificaci\u00f3n clara y detallada.<\/p>\n\n\n\n<p>\u00abUna cosa es que estemos conscientes de lo ocurrido en la elecci\u00f3n presidencial del 28 de julio, de todas las dudas que a\u00fan se tienen y que deben ser despejadas, pero los procesos electorales establecidos en la ley hay que cumplirlos\u00bb.<\/p>\n\n\n\n<p>Mujica hizo un llamado a todos los sectores de oposici\u00f3n del pa\u00eds a revisar, discutir y decidir de manera unitaria el tema electoral para actuar coherentemente, defender los resultados y que no se repita la experiencia del 28-J.<\/p>\n\n\n\n<p>\u00abUn sector muy grande de la oposici\u00f3n asumi\u00f3 la abstenci\u00f3n como forma de lucha, pero esto le sirvi\u00f3 al gobierno, en m\u00faltiples oportunidades para ganar espacios pol\u00edticos\u00bb.<\/p>\n\n\n\n<p>Record\u00f3 que la ciudan\u00eda tom\u00f3 la decisi\u00f3n de participar activamente en la elecci\u00f3n pasada, aun cuando sabe que el resultado fue manipulado.<\/p>\n\n\n\n<p>\u00abAnunciar que ya no se puede votar significa dejar a la gente sin alternativa, a menos que alguien tenga en sus manos una soluci\u00f3n m\u00e1gica\u201d.<\/p>\n\n\n\n<p>El dirigente del MAS aclar\u00f3 que la decisi\u00f3n de abstenerse es una proposici\u00f3n de Mar\u00eda Corina Machado que no fue consultada con ninguno de los sectores pol\u00edticos democr\u00e1ticos.<\/p>\n\n\n\n<p>\u201cElla puede defender su argumento, est\u00e1 en su leg\u00edtimo derecho, pero no puede imponerle a la sociedad un camino que no nos llevar\u00e1 a ninguna parte\u201d.<\/p>\n\n\n\n<p>Con respecto a la juramentaci\u00f3n de Donald Trump como presidente de Estados Unidos, el MAS espera que pueda facilitar la construcci\u00f3n de salidas pol\u00edticas tanto para Venezuela como para otras naciones. \u00abHay que impedir el aislamiento de nuestro pa\u00eds\u00bb.<\/p>\n\n\n\n<p>Al referirse a la reforma constitucional Mujica advirti\u00f3 que debe abrirse un debate a nivel nacional para conocer cada una las propuestas y ser sometidas a un referendo para su aprobaci\u00f3n.<\/p>\n\n\n\n<p>\u00abUna reforma de la Constituci\u00f3n Nacional debe contribuir con la paz democr\u00e1tica y no con la de los sepulcros que un sector intenta imponer\u00bb.<\/p>\n\n\n\n<p>El secretario de la tolda naranja conden\u00f3 los llamados que hacen algunos sectores pol\u00edticos para una intervenci\u00f3n militar en Venezuela\u00bb.<\/p>\n\n\n\n<p>\u201cRechazamos cualquier salida violenta para enfrentar la crisis nacional, por ello insistimos en la v\u00eda pac\u00edfica, democr\u00e1tica y constitucional\u201d.<\/p>\n\n\n\n<p>Mujica asegur\u00f3 que el pa\u00eds le sigue reclamando a la oposici\u00f3n la construcci\u00f3n en unidad, de una salida pol\u00edtica, sustentada en estrategia y visi\u00f3n compartidas. Destac\u00f3 que los intereses de Venezuela deben ponerse en primer lugar y en letras may\u00fasculas.<\/p>\n\n\n\n<p>Reiter\u00f3 que el CNE debe dirimir cuanto antes el tema de las organizaciones pol\u00edticas para que no existan partidos judicializados.<\/p>\n\n\n\n<p>\u00abEl MAS asistir\u00e1 nuevamente al organismo electoral para conocer nuestro estatus legal. Otras organizaciones pol\u00edticas como Puente y Uni\u00f3n y Progreso se encuentran en la misma situaci\u00f3n\u00bb.<\/p>\n\n\n\n<p>Sobre los presos pol\u00edticos, Mujica abog\u00f3 nuevamente por una amnist\u00eda general, argumentando que el MAS, desde su nacimiento, defiende y promueve la democracia, la paz, el di\u00e1logo, el respeto a la constituci\u00f3n y las salidas negociadas, donde los venezolanos se den la mano y la polarizaci\u00f3n no nos conduzca a escenarios lamentables.<\/p>\n\n\n\n<p>El secretario general del MAS inst\u00f3 al \u00e1rbitro electoral a cumplir con su deber constitucional de publicar los resultados del 28 de julio para que el pa\u00eds sepa lo que realmente sucedi\u00f3.<\/p>\n\n\n\n<p>\u00abLos ciudadanos votaron mayoritariamente por Edmundo Gonz\u00e1lez y ese escrutinio no fue reconocido. El CNE dio otro resultado\u00bb, finaliz\u00f3.<br><strong><em>ET \/ Prensa MAS<\/em><\/strong><\/p>\n\n\n\n<p><\/p>\n","protected":false},"excerpt":{"rendered":"<p>ENTRE TORMENTAS. Para el secretario general del MAS, Felipe Mujica, ser\u00eda un gran error abstenerse&#8230;<\/p>\n","protected":false},"author":2,"featured_media":12561,"comment_status":"closed","ping_status":"open","sticky":false,"template":"","format":"standard","meta":{"footnotes":""},"categories":[49],"tags":[],"class_list":["post-12560","post","type-post","status-publish","format-standard","has-post-thumbnail","hentry","category-nacionales"],"_links":{"self":[{"href":"https:\/\/entretormentas.com\/index.php?rest_route=\/wp\/v2\/posts\/12560","targetHints":{"allow":["GET"]}}],"collection":[{"href":"https:\/\/entretormentas.com\/index.php?rest_route=\/wp\/v2\/posts"}],"about":[{"href":"https:\/\/entretormentas.com\/index.php?rest_route=\/wp\/v2\/types\/post"}],"author":[{"embeddable":true,"href":"https:\/\/entretormentas.com\/index.php?rest_route=\/wp\/v2\/users\/2"}],"replies":[{"embeddable":true,"href":"https:\/\/entretormentas.com\/index.php?rest_route=%2Fwp%2Fv2%2Fcomments&post=12560"}],"version-history":[{"count":1,"href":"https:\/\/entretormentas.com\/index.php?rest_route=\/wp\/v2\/posts\/12560\/revisions"}],"predecessor-version":[{"id":12562,"href":"https:\/\/entretormentas.com\/index.php?rest_route=\/wp\/v2\/posts\/12560\/revisions\/12562"}],"wp:featuredmedia":[{"embeddable":true,"href":"https:\/\/entretormentas.com\/index.php?rest_route=\/wp\/v2\/media\/12561"}],"wp:attachment":[{"href":"https:\/\/entretormentas.com\/index.php?rest_route=%2Fwp%2Fv2%2Fmedia&parent=12560"}],"wp:term":[{"taxonomy":"category","embeddable":true,"href":"https:\/\/entretormentas.com\/index.php?rest_route=%2Fwp%2Fv2%2Fcategories&post=12560"},{"taxonomy":"post_tag","embeddable":true,"href":"https:\/\/entretormentas.com\/index.php?rest_route=%2Fwp%2Fv2%2Ftags&post=12560"}],"curies":[{"name":"wp","href":"https:\/\/api.w.org\/{rel}","templated":true}]}}