{"id":12575,"date":"2025-01-21T09:21:51","date_gmt":"2025-01-21T08:21:51","guid":{"rendered":"https:\/\/entretormentas.com\/?p=12575"},"modified":"2025-01-21T09:21:51","modified_gmt":"2025-01-21T08:21:51","slug":"en-su-1er-dia-de-gestion-trump-regresa-con-una-investidura-sin-precedentes-y-100-decretos","status":"publish","type":"post","link":"https:\/\/entretormentas.com\/en-su-1er-dia-de-gestion-trump-regresa-con-una-investidura-sin-precedentes-y-100-decretos\/","title":{"rendered":"\u00a1EN SU 1ER D\u00cdA DE GESTI\u00d3N\u00a1 Trump regresa con una investidura sin precedentes y 100 decretos"},"content":{"rendered":"\n<p><strong>ENTRE TORMENTAS. <\/strong>Donald Trump regres\u00f3 este lunes a la Casa Blanca tras una investidura que, por primera vez en d\u00e9cadas, se celebr\u00f3 en el interior del Capitolio, el cual cont\u00f3 con la presencia de l\u00edderes mundiales y magnates de Silicon Valley, y culmin\u00f3 con la firma de un centenar de \u00f3rdenes ejecutivas para revertir las pol\u00edticas de su predecesor, Joe Biden.<\/p>\n\n\n\n<p>Trump inici\u00f3 el d\u00eda a las 8.30 hora local (13.30 GMT) con su esposa, Melania Trump, asistiendo a un servicio religioso en la iglesia episcopal de St. John, ubicada frente a la Casa Blanca.<\/p>\n\n\n\n<p>Ese templo, al que tradicionalmente asisten los presidentes electos el d\u00eda de su investidura, tiene un significado especial para Trump, ya que en 2020 pos\u00f3 all\u00ed con una Biblia en la mano tras el desalojo forzado de manifestantes que protestaban por la muerte del afroamericano George Floyd a manos de un polic\u00eda blanco.<\/p>\n\n\n\n<figure class=\"wp-block-image size-large\"><img fetchpriority=\"high\" decoding=\"async\" width=\"1024\" height=\"682\" src=\"https:\/\/entretormentas.com\/wp-content\/uploads\/2025\/01\/image-321-1024x682.png\" alt=\"\" class=\"wp-image-12577\" srcset=\"https:\/\/entretormentas.com\/wp-content\/uploads\/2025\/01\/image-321-1024x682.png 1024w, https:\/\/entretormentas.com\/wp-content\/uploads\/2025\/01\/image-321-300x200.png 300w, https:\/\/entretormentas.com\/wp-content\/uploads\/2025\/01\/image-321-768x512.png 768w, https:\/\/entretormentas.com\/wp-content\/uploads\/2025\/01\/image-321.png 1280w\" sizes=\"(max-width: 1024px) 100vw, 1024px\" \/><\/figure>\n\n\n\n<p>Tras la ceremonia religiosa, sobre las 9.45 (14.45 GMT), la pareja se dirigi\u00f3 a la Casa Blanca para participar en el tradicional t\u00e9 y caf\u00e9 con el mandatario saliente, Joe Biden, y la primera dama, Jill, un gesto simb\u00f3lico de transici\u00f3n pac\u00edfica.<\/p>\n\n\n\n<p>Posteriormente, las dos parejas viajaron juntas en el mismo veh\u00edculo hasta el Capitolio, donde Trump jur\u00f3 el cargo al mediod\u00eda en una ceremonia trasladada al interior debido al fr\u00edo extremo, con temperaturas previstas entre -11 y -4 grados y una posible sensaci\u00f3n t\u00e9rmica a\u00fan m\u00e1s baja por el viento y una tormenta de nieve que dej\u00f3 anoche el suelo blanco.<\/p>\n\n\n\n<p>Fue la primera vez desde 1985 que un presidente jure el cargo dentro del Capitolio en lugar de en la escalinata, cuando Ronald Reagan (1981-1989) tuvo que hacerlo al inicio de su segundo mandato debido a las adversas condiciones meteorol\u00f3gicas.<\/p>\n\n\n\n<p>En concreto, el acto se celebr\u00f3 en la rotonda del Capitolio, ubicada justo debajo de la c\u00fapula del edificio, un espacio de gran valor simb\u00f3lico que conecta el Senado y la C\u00e1mara de Representantes.<\/p>\n\n\n\n<p>All\u00ed, Trump pronunciar\u00e1 su discurso inaugural, que definir\u00e1 su visi\u00f3n para los pr\u00f3ximos cuatro a\u00f1os, en un momento clave que ser\u00e1 comparado con su pol\u00e9mico mensaje de 2017, cuando ofreci\u00f3 una visi\u00f3n sombr\u00eda del pa\u00eds y prometi\u00f3 acabar con la \u00abcarnicer\u00eda estadounidense\u00bb.<\/p>\n\n\n\n<p>Por primera vez, asistieron a la investidura l\u00edderes extranjeros como el presidente de Argentina, Javier Milei, as\u00ed como magnates tecnol\u00f3gicos como Elon Musk, convertido en un estrecho aliado de Trump.<\/p>\n\n\n\n<p>Una vez finalizada la ceremonia, Biden y su esposa abandonaron el Capitolio para participar en un acto de despedida con su equipo en la base a\u00e9rea de Andrews (Maryland), desde donde partieron hacia Santa Ynez (California) para unas vacaciones.<\/p>\n\n\n\n<p>Mientras tanto, Trump y su vicepresidente, J.D. Vance, quien tambi\u00e9n jur\u00f3, participar\u00e1n en el tradicional almuerzo con legisladores en el Capitolio.<\/p>\n\n\n\n<figure class=\"wp-block-image size-large\"><img decoding=\"async\" width=\"1024\" height=\"1024\" src=\"https:\/\/entretormentas.com\/wp-content\/uploads\/2025\/01\/image-322-1024x1024.png\" alt=\"\" class=\"wp-image-12578\" srcset=\"https:\/\/entretormentas.com\/wp-content\/uploads\/2025\/01\/image-322-1024x1024.png 1024w, https:\/\/entretormentas.com\/wp-content\/uploads\/2025\/01\/image-322-300x300.png 300w, https:\/\/entretormentas.com\/wp-content\/uploads\/2025\/01\/image-322-150x150.png 150w, https:\/\/entretormentas.com\/wp-content\/uploads\/2025\/01\/image-322-768x768.png 768w, https:\/\/entretormentas.com\/wp-content\/uploads\/2025\/01\/image-322.png 1111w\" sizes=\"(max-width: 1024px) 100vw, 1024px\" \/><\/figure>\n\n\n\n<p>Debido al fr\u00edo, no tuvo lugar posteriormente el tradicional desfile desde el Capitolio hasta la Casa Blanca y, en su lugar, Trump se traslad\u00f3 al estadio Capital One Arena, donde la noche anterior celebr\u00f3 su \u00abmitin de la victoria\u00bb y donde firm\u00f3 algunas de las 100 \u00f3rdenes ejecutivas que ha prometido rubricar en su primer d\u00eda.<\/p>\n\n\n\n<p>Trump tambi\u00e9n firm\u00f3 sus primeras \u00f3rdenes ejecutivas mientras a\u00fan se encuentra en el Capitolio.<\/p>\n\n\n\n<p>Sobre las 17.00 hora local (22.00 GMT), Trump lleg\u00f3 a la Casa Blanca, donde continuaria firmando decretos.<\/p>\n\n\n\n<p>Seg\u00fan report\u00f3 la CNN, en el escritorio presidencial del Despacho Oval encontrar\u00e1 con casi toda seguridad una carta de Biden, siguiendo la tradici\u00f3n de los presidentes salientes de dejar un mensaje a su sucesor con reflexiones y consejos para su mandato.<\/p>\n\n\n\n<p>Por la noche, Trump y la primera dama asistieron a los tradicionales bailes inaugurales. El primero de ellos fue el \u2018Baile del Comandante en Jefe\u2019, en el que la pareja protagoniz\u00f3 un la vida y la el primer baile y actuar\u00e1n la banda de country Rascal Flatts y el cantante Parker McCollum.<br><strong><em>ET \/ EFE<\/em><\/strong><\/p>\n\n\n\n<p><\/p>\n","protected":false},"excerpt":{"rendered":"<p>ENTRE TORMENTAS. Donald Trump regres\u00f3 este lunes a la Casa Blanca tras una investidura que,&#8230;<\/p>\n","protected":false},"author":2,"featured_media":12576,"comment_status":"closed","ping_status":"open","sticky":false,"template":"","format":"standard","meta":{"footnotes":""},"categories":[56,48],"tags":[],"class_list":["post-12575","post","type-post","status-publish","format-standard","has-post-thumbnail","hentry","category-destacadas","category-internacionales"],"_links":{"self":[{"href":"https:\/\/entretormentas.com\/index.php?rest_route=\/wp\/v2\/posts\/12575","targetHints":{"allow":["GET"]}}],"collection":[{"href":"https:\/\/entretormentas.com\/index.php?rest_route=\/wp\/v2\/posts"}],"about":[{"href":"https:\/\/entretormentas.com\/index.php?rest_route=\/wp\/v2\/types\/post"}],"author":[{"embeddable":true,"href":"https:\/\/entretormentas.com\/index.php?rest_route=\/wp\/v2\/users\/2"}],"replies":[{"embeddable":true,"href":"https:\/\/entretormentas.com\/index.php?rest_route=%2Fwp%2Fv2%2Fcomments&post=12575"}],"version-history":[{"count":1,"href":"https:\/\/entretormentas.com\/index.php?rest_route=\/wp\/v2\/posts\/12575\/revisions"}],"predecessor-version":[{"id":12579,"href":"https:\/\/entretormentas.com\/index.php?rest_route=\/wp\/v2\/posts\/12575\/revisions\/12579"}],"wp:featuredmedia":[{"embeddable":true,"href":"https:\/\/entretormentas.com\/index.php?rest_route=\/wp\/v2\/media\/12576"}],"wp:attachment":[{"href":"https:\/\/entretormentas.com\/index.php?rest_route=%2Fwp%2Fv2%2Fmedia&parent=12575"}],"wp:term":[{"taxonomy":"category","embeddable":true,"href":"https:\/\/entretormentas.com\/index.php?rest_route=%2Fwp%2Fv2%2Fcategories&post=12575"},{"taxonomy":"post_tag","embeddable":true,"href":"https:\/\/entretormentas.com\/index.php?rest_route=%2Fwp%2Fv2%2Ftags&post=12575"}],"curies":[{"name":"wp","href":"https:\/\/api.w.org\/{rel}","templated":true}]}}