{"id":12585,"date":"2025-01-22T09:07:40","date_gmt":"2025-01-22T08:07:40","guid":{"rendered":"https:\/\/entretormentas.com\/?p=12585"},"modified":"2025-01-22T09:07:40","modified_gmt":"2025-01-22T08:07:40","slug":"en-san-francisco-definidos-finalistas-del-premio-orden-al-merito-deportivo-ramon-monzant","status":"publish","type":"post","link":"https:\/\/entretormentas.com\/en-san-francisco-definidos-finalistas-del-premio-orden-al-merito-deportivo-ramon-monzant\/","title":{"rendered":"\u00a1EN SAN FRANCISCO! Definidos finalistas del premio orden al m\u00e9rito deportivo \u201cRam\u00f3n Monzant\u201d"},"content":{"rendered":"\n<p><strong>ENTRE TORMENTAS. <\/strong>Tal como lo establece la ordenanza municipal orden al m\u00e9rito deportivo \u201cRam\u00f3n Monzant\u201d en su \u00fanica clase, el jurado calificador realiz\u00f3 la votaci\u00f3n donde se eligieron a los deportistas, entrenadores, dirigentes y organizaciones deportivas m\u00e1s destacadas del a\u00f1o 2024.<\/p>\n\n\n\n<p>Luego del proceso de postulaci\u00f3n que se cumpli\u00f3 desde el primero de diciembre de 2024 hasta el 15 de enero de 2025, los miembros del jurado recibieron las planillas para realizar su votaci\u00f3n eligiendo hasta a tres nominados por cada rengl\u00f3n.<\/p>\n\n\n\n<p>La ordenanza establece que los miembros del jurado deben ser distribuidos entre representantes de la Alcald\u00eda de San Francisco, representada por la licenciada Evelin Castro. De igual forma el concejal y promotor de la ordenanza Hendrick Chourio como representante del concejo municipal, los representantes del Instituto P\u00fablico Municipal de Deporte de San Francisco, Gerardo Mu\u00f1oz (Presidente), Ram\u00f3n Monzant, hijo (Coordinador de deportes para todos), Alirio N\u00fa\u00f1ez (Director de Infraestructura) y Rafael Petit (Coordinador de comunicaciones).<\/p>\n\n\n\n<p>Tambi\u00e9n se sumaron al jurado tres votos para miembros de los medios de comunicaci\u00f3n social, los cuales estuvieron representados por los comunicadores Ernesto Vera, del programa deportivo Fiebruos, transmitido por URBE 96.3 FM; Jos\u00e9 Gil del portal deportivo Deportedigital.com y Gabriel Sthormes de la p\u00e1gina entretormentas.com y del programa 100% Noticias.<\/p>\n\n\n\n<figure class=\"wp-block-image size-large\"><img fetchpriority=\"high\" decoding=\"async\" width=\"1024\" height=\"768\" src=\"https:\/\/entretormentas.com\/wp-content\/uploads\/2025\/01\/image-327-1024x768.png\" alt=\"\" class=\"wp-image-12587\" srcset=\"https:\/\/entretormentas.com\/wp-content\/uploads\/2025\/01\/image-327-1024x768.png 1024w, https:\/\/entretormentas.com\/wp-content\/uploads\/2025\/01\/image-327-300x225.png 300w, https:\/\/entretormentas.com\/wp-content\/uploads\/2025\/01\/image-327-768x576.png 768w, https:\/\/entretormentas.com\/wp-content\/uploads\/2025\/01\/image-327.png 1280w\" sizes=\"(max-width: 1024px) 100vw, 1024px\" \/><\/figure>\n\n\n\n<p>Desde el 1 de diciembre, el IMDEP recibi\u00f3 m\u00e1s de 30 postulaciones en las categor\u00edas Atleta aficionado, entrenador, dirigente, club o liga de a\u00f1o.<\/p>\n\n\n\n<p>El jurado tambi\u00e9n decidi\u00f3 por mayor\u00eda entregar menciones especiales a Alexander Delgado, exsecretario de deportes del estado Zulia y actual t\u00e9cnico de las \u00c1guilas del Zulia. Yeferzon Miranda, primer \u00e1rbitro FIFA del Municipio y Wilyer Abreu ganador del primer guante de oro de las Grandes Ligas para el municipio<\/p>\n\n\n\n<p>El acto de entrega de los reconocimientos se realizar\u00e1 en sesi\u00f3n solemne del concejo municipal de San Francisco.<\/p>\n\n\n\n<p><strong>FINALISTAS<\/strong><br>\u00b7 Dirigente: Armando Gonz\u00e1lez (Kickingball), Jyanny Osorio (F\u00fatbol), Daniel Hu\u00e9rfano (Karate)<\/p>\n\n\n\n<p>\u00b7 Entrenador: Yocelin Matos (Levantamiento de Pesas), Carlos Ferrer (Baloncesto), Neila Ramos (Gimnasia R\u00edtmica)<\/p>\n\n\n\n<p>\u00b7 Club o Liga: Fundaci\u00f3n Deportivo los Silos (F\u00fatbol), Deportivo Popular (F\u00fatbol), Titanes del Caujaro (Baloncesto)<\/p>\n\n\n\n<p>\u00b7 Atleta Profesional: Jefferson Savarino (F\u00fatbol), Jackson Chourio (B\u00e9isbol), Wilyer Abreu (B\u00e9isbol)<\/p>\n\n\n\n<p>\u00b7 Atleta Aficionado: Francisco Renter\u00eda (B\u00e9isbol) Neptaly Jugo P\u00e9rez (Para atletismo), Ambar Parra (Gimnasia R\u00edtmica)<br><strong><em>ET \/ Prensa IMDEP<\/em><\/strong><\/p>\n\n\n\n<p><\/p>\n","protected":false},"excerpt":{"rendered":"<p>ENTRE TORMENTAS. Tal como lo establece la ordenanza municipal orden al m\u00e9rito deportivo \u201cRam\u00f3n Monzant\u201d&#8230;<\/p>\n","protected":false},"author":2,"featured_media":12586,"comment_status":"closed","ping_status":"open","sticky":false,"template":"","format":"standard","meta":{"footnotes":""},"categories":[53],"tags":[],"class_list":["post-12585","post","type-post","status-publish","format-standard","has-post-thumbnail","hentry","category-deportes"],"_links":{"self":[{"href":"https:\/\/entretormentas.com\/index.php?rest_route=\/wp\/v2\/posts\/12585","targetHints":{"allow":["GET"]}}],"collection":[{"href":"https:\/\/entretormentas.com\/index.php?rest_route=\/wp\/v2\/posts"}],"about":[{"href":"https:\/\/entretormentas.com\/index.php?rest_route=\/wp\/v2\/types\/post"}],"author":[{"embeddable":true,"href":"https:\/\/entretormentas.com\/index.php?rest_route=\/wp\/v2\/users\/2"}],"replies":[{"embeddable":true,"href":"https:\/\/entretormentas.com\/index.php?rest_route=%2Fwp%2Fv2%2Fcomments&post=12585"}],"version-history":[{"count":1,"href":"https:\/\/entretormentas.com\/index.php?rest_route=\/wp\/v2\/posts\/12585\/revisions"}],"predecessor-version":[{"id":12588,"href":"https:\/\/entretormentas.com\/index.php?rest_route=\/wp\/v2\/posts\/12585\/revisions\/12588"}],"wp:featuredmedia":[{"embeddable":true,"href":"https:\/\/entretormentas.com\/index.php?rest_route=\/wp\/v2\/media\/12586"}],"wp:attachment":[{"href":"https:\/\/entretormentas.com\/index.php?rest_route=%2Fwp%2Fv2%2Fmedia&parent=12585"}],"wp:term":[{"taxonomy":"category","embeddable":true,"href":"https:\/\/entretormentas.com\/index.php?rest_route=%2Fwp%2Fv2%2Fcategories&post=12585"},{"taxonomy":"post_tag","embeddable":true,"href":"https:\/\/entretormentas.com\/index.php?rest_route=%2Fwp%2Fv2%2Ftags&post=12585"}],"curies":[{"name":"wp","href":"https:\/\/api.w.org\/{rel}","templated":true}]}}