{"id":12594,"date":"2025-01-22T09:13:44","date_gmt":"2025-01-22T08:13:44","guid":{"rendered":"https:\/\/entretormentas.com\/?p=12594"},"modified":"2025-01-22T09:13:44","modified_gmt":"2025-01-22T08:13:44","slug":"icono-de-la-zulianidad-el-panteon-regional-del-zulia-cumple-30-anos-de-fundado","status":"publish","type":"post","link":"https:\/\/entretormentas.com\/icono-de-la-zulianidad-el-panteon-regional-del-zulia-cumple-30-anos-de-fundado\/","title":{"rendered":"\u00a1\u00cdCONO DE LA ZULIANIDAD! El Pante\u00f3n Regional del Zulia cumple 30 a\u00f1os de fundado"},"content":{"rendered":"\n<p><strong>ENTRE TORMENTAS.<\/strong> El Pante\u00f3n Regional del Zulia, ubicado en la parroquia Bol\u00edvar de Maracaibo, es un monumento hist\u00f3rico de gran importancia para la regi\u00f3n zuliana. Este recinto sagrado fue inaugurado en 1995, y desde entonces, ha albergado los restos de importantes h\u00e9roes y pr\u00f3ceres de la independencia zuliana.<\/p>\n\n\n\n<p>Con motivo de su 30 aniversario de apertura, la Gobernaci\u00f3n del Zulia destaca su rica historia y el legado que representa para la comunidad.<\/p>\n\n\n\n<p><strong>HISTORIA REGIONAL<\/strong><br>Construido en un elegante estilo neocl\u00e1sico, el pante\u00f3n presenta una fachada imponente, con columnas y cornisas de estilo d\u00f3rico que reflejan la grandeza y solemnidad del lugar. Su planta rectangular y su \u00fanico nivel permiten un acceso directo a trav\u00e9s de una puerta de doble hoja de madera reforzada con hierro, lo que a\u00f1ade un toque de fortaleza y durabilidad al dise\u00f1o arquitect\u00f3nico.<\/p>\n\n\n\n<p>En su interior, el pante\u00f3n custodia cofres simb\u00f3licos en honor a figuras ilustres como Rafael Urdaneta, Rafael Mar\u00eda Baralt y Venancio Pulgar, junto a otros pr\u00f3ceres de la independencia que dejaron una huella en la historia del Zulia. La plaza que rodea al monumento, conocida como Plaza de la Herencia, est\u00e1 embellecida con jardineras y un muro conmemorativo adornado con medallones que representan a los descendientes del General Rafael Urdaneta.<\/p>\n\n\n\n<figure class=\"wp-block-image size-large\"><img fetchpriority=\"high\" decoding=\"async\" width=\"1024\" height=\"576\" src=\"https:\/\/entretormentas.com\/wp-content\/uploads\/2025\/01\/image-332-1024x576.png\" alt=\"\" class=\"wp-image-12596\" srcset=\"https:\/\/entretormentas.com\/wp-content\/uploads\/2025\/01\/image-332-1024x576.png 1024w, https:\/\/entretormentas.com\/wp-content\/uploads\/2025\/01\/image-332-300x169.png 300w, https:\/\/entretormentas.com\/wp-content\/uploads\/2025\/01\/image-332-768x432.png 768w, https:\/\/entretormentas.com\/wp-content\/uploads\/2025\/01\/image-332.png 1280w\" sizes=\"(max-width: 1024px) 100vw, 1024px\" \/><\/figure>\n\n\n\n<p><strong>REACONDICIONAMIENTO<\/strong><br>La Gobernaci\u00f3n del Zulia, a trav\u00e9s del Centro Rafael Urdaneta (CRU), recientemente llev\u00f3 a cabo el reacondicionamiento del Pante\u00f3n Regional, asegurando su preservaci\u00f3n para las futuras generaciones. Los trabajos van desde la fumigaci\u00f3n hasta intervenciones arquitect\u00f3nicas como la renovaci\u00f3n y pintura de las paredes, la reparaci\u00f3n de puertas batientes y la mejora del sistema el\u00e9ctrico. Adem\u00e1s, se instalaron nuevos sistemas de aire acondicionado y se realiz\u00f3 la impermeabilizaci\u00f3n del techo, garantizando la protecci\u00f3n del monumento contra las inclemencias del tiempo.<\/p>\n\n\n\n<p>Tambi\u00e9n se realiz\u00f3 poda de \u00e1rboles y arbustos, siembra de grama, en la que el pante\u00f3n no solo mejor\u00f3 su apariencia, sino que tambi\u00e9n ofrece un ambiente m\u00e1s seguro y acogedor para los visitantes.<\/p>\n\n\n\n<p>Como parte de las actividades de reacondicionamiento, la Gobernaci\u00f3n implement\u00f3 la iniciativa \u201cEscanea el Zulia\u201d. Esta innovadora propuesta busca promover el conocimiento del patrimonio cultural de la regi\u00f3n mediante un recorrido f\u00edsico y digital por los sitios patrimoniales. Los visitantes pueden escanear c\u00f3digos QR distribuidos en el pante\u00f3n y otras ubicaciones hist\u00f3ricas en la entidad para acceder a contenido educativo y aprender m\u00e1s sobre la historia y cultura del territorio zuliano.<br><strong><em>ET \/ Nota de Prensa<\/em><\/strong><\/p>\n","protected":false},"excerpt":{"rendered":"<p>ENTRE TORMENTAS. El Pante\u00f3n Regional del Zulia, ubicado en la parroquia Bol\u00edvar de Maracaibo, es&#8230;<\/p>\n","protected":false},"author":2,"featured_media":12595,"comment_status":"closed","ping_status":"open","sticky":false,"template":"","format":"standard","meta":{"footnotes":""},"categories":[1],"tags":[],"class_list":["post-12594","post","type-post","status-publish","format-standard","has-post-thumbnail","hentry","category-regionales"],"_links":{"self":[{"href":"https:\/\/entretormentas.com\/index.php?rest_route=\/wp\/v2\/posts\/12594","targetHints":{"allow":["GET"]}}],"collection":[{"href":"https:\/\/entretormentas.com\/index.php?rest_route=\/wp\/v2\/posts"}],"about":[{"href":"https:\/\/entretormentas.com\/index.php?rest_route=\/wp\/v2\/types\/post"}],"author":[{"embeddable":true,"href":"https:\/\/entretormentas.com\/index.php?rest_route=\/wp\/v2\/users\/2"}],"replies":[{"embeddable":true,"href":"https:\/\/entretormentas.com\/index.php?rest_route=%2Fwp%2Fv2%2Fcomments&post=12594"}],"version-history":[{"count":1,"href":"https:\/\/entretormentas.com\/index.php?rest_route=\/wp\/v2\/posts\/12594\/revisions"}],"predecessor-version":[{"id":12597,"href":"https:\/\/entretormentas.com\/index.php?rest_route=\/wp\/v2\/posts\/12594\/revisions\/12597"}],"wp:featuredmedia":[{"embeddable":true,"href":"https:\/\/entretormentas.com\/index.php?rest_route=\/wp\/v2\/media\/12595"}],"wp:attachment":[{"href":"https:\/\/entretormentas.com\/index.php?rest_route=%2Fwp%2Fv2%2Fmedia&parent=12594"}],"wp:term":[{"taxonomy":"category","embeddable":true,"href":"https:\/\/entretormentas.com\/index.php?rest_route=%2Fwp%2Fv2%2Fcategories&post=12594"},{"taxonomy":"post_tag","embeddable":true,"href":"https:\/\/entretormentas.com\/index.php?rest_route=%2Fwp%2Fv2%2Ftags&post=12594"}],"curies":[{"name":"wp","href":"https:\/\/api.w.org\/{rel}","templated":true}]}}