{"id":12598,"date":"2025-01-22T09:16:43","date_gmt":"2025-01-22T08:16:43","guid":{"rendered":"https:\/\/entretormentas.com\/?p=12598"},"modified":"2025-01-22T09:16:43","modified_gmt":"2025-01-22T08:16:43","slug":"para-formar-ninos-y-jovenes-imgra-abre-proceso-de-inscripcion-2025-en-las-escuelas-de-gaita","status":"publish","type":"post","link":"https:\/\/entretormentas.com\/para-formar-ninos-y-jovenes-imgra-abre-proceso-de-inscripcion-2025-en-las-escuelas-de-gaita\/","title":{"rendered":"\u00a1PARA FORMAR NI\u00d1OS Y J\u00d3VENES! IMGRA abre proceso de inscripci\u00f3n 2025 en las Escuelas de Gaita"},"content":{"rendered":"\n<p><strong>ENTRE TORMENTAS.<\/strong> Las puertas del Instituto Municipal de la Gaita Ricardo Aguirre (IMGRA) est\u00e1n abierta en este 2025 para el nuevo proceso de inscripci\u00f3n de los ni\u00f1os, ni\u00f1as y adolescentes que quieran formar parte de las m\u00e1s de 70 escuelas de gaita que est\u00e1n distribuidas en las 18 parroquias de Maracaibo.<\/p>\n\n\n\n<p>Este programa de formaci\u00f3n y ense\u00f1anza musical se consolida para atender a ni\u00f1os y j\u00f3venes, entre 6 y 17 a\u00f1os, que quieran aprender a cantar y ejecutar los instrumentos tradicionales de la gaita zuliana.<\/p>\n\n\n\n<p>\u201cNuestro programa ofrece a los ni\u00f1os herramientas para su desarrollo integral. Con la m\u00fasica no solo muestran sus habilidades en este g\u00e9nero particular, sino que sus vidas se ven transformadas y a trav\u00e9s de ella sembramos valores para su crecimiento. Adem\u00e1s, que nos permite integrarnos como una sola familia, es por ello que reiteramos nuestra invitaci\u00f3n a todos los padres y representantes para sumen a sus hijos en las diferentes escuelas de gaita y formen parte de este programa especial para el futuro de los peque\u00f1os\u201d, expres\u00f3 Johanna Salas, presidenta del IMGRA.<\/p>\n\n\n\n<figure class=\"wp-block-image size-large\"><img fetchpriority=\"high\" decoding=\"async\" width=\"1024\" height=\"576\" src=\"https:\/\/entretormentas.com\/wp-content\/uploads\/2025\/01\/image-334-1024x576.png\" alt=\"\" class=\"wp-image-12600\" srcset=\"https:\/\/entretormentas.com\/wp-content\/uploads\/2025\/01\/image-334-1024x576.png 1024w, https:\/\/entretormentas.com\/wp-content\/uploads\/2025\/01\/image-334-300x169.png 300w, https:\/\/entretormentas.com\/wp-content\/uploads\/2025\/01\/image-334-768x432.png 768w, https:\/\/entretormentas.com\/wp-content\/uploads\/2025\/01\/image-334-1536x864.png 1536w, https:\/\/entretormentas.com\/wp-content\/uploads\/2025\/01\/image-334-2048x1152.png 2048w\" sizes=\"(max-width: 1024px) 100vw, 1024px\" \/><\/figure>\n\n\n\n<p>El proyecto, con alcance educativo y de consistente impacto social, principalmente hace vida en espacios que presta la comunidad como: iglesias, centros de participaci\u00f3n ciudadana, canchas deportivas, instituciones educativas p\u00fablicas y privadas.<\/p>\n\n\n\n<p>Salas record\u00f3 que, en sus clases, los ni\u00f1os aprenden de percusi\u00f3n y ejecuci\u00f3n de instrumentos, canto, composici\u00f3n musical e historia del g\u00e9nero. Asimismo, durante su etapa de formaci\u00f3n, los alumnos tienen la oportunidad de participar en actividades culturales y muestras musicales que fortalecen su proceso de aprendizaje.<\/p>\n\n\n\n<p>Gaiteros como Gladys Vera, Jes\u00fas Ter\u00e1n \u201cChav\u00edn\u201d, Astolfo Romero, Luis Oquendo Delgado, Heriberto Molina, Neguito Borjas, Ricardo Cepeda, Germ\u00e1n \u00c1vila, entre otros, son recordados y homenajeados con las escuelas de gaita que llevan sus nombres.<\/p>\n\n\n\n<p>El IMGRA invita a los padres y representantes interesados en inscribir a sus representados, a comunicarse a trav\u00e9s del n\u00famero telef\u00f3nico 0424 6498722 o en la plataforma principal de redes sociales: Instagram @ImgraEsGaita. De acuerdo con la parroquia solicitada, se har\u00e1 un enlace directo con uno de los centros de formaci\u00f3n m\u00e1s cercano.<br><strong><em>ET \/ DCI Alcald\u00eda de Maracaibo<\/em><\/strong><\/p>\n","protected":false},"excerpt":{"rendered":"<p>ENTRE TORMENTAS. Las puertas del Instituto Municipal de la Gaita Ricardo Aguirre (IMGRA) est\u00e1n abierta&#8230;<\/p>\n","protected":false},"author":2,"featured_media":12599,"comment_status":"closed","ping_status":"open","sticky":false,"template":"","format":"standard","meta":{"footnotes":""},"categories":[1],"tags":[],"class_list":["post-12598","post","type-post","status-publish","format-standard","has-post-thumbnail","hentry","category-regionales"],"_links":{"self":[{"href":"https:\/\/entretormentas.com\/index.php?rest_route=\/wp\/v2\/posts\/12598","targetHints":{"allow":["GET"]}}],"collection":[{"href":"https:\/\/entretormentas.com\/index.php?rest_route=\/wp\/v2\/posts"}],"about":[{"href":"https:\/\/entretormentas.com\/index.php?rest_route=\/wp\/v2\/types\/post"}],"author":[{"embeddable":true,"href":"https:\/\/entretormentas.com\/index.php?rest_route=\/wp\/v2\/users\/2"}],"replies":[{"embeddable":true,"href":"https:\/\/entretormentas.com\/index.php?rest_route=%2Fwp%2Fv2%2Fcomments&post=12598"}],"version-history":[{"count":1,"href":"https:\/\/entretormentas.com\/index.php?rest_route=\/wp\/v2\/posts\/12598\/revisions"}],"predecessor-version":[{"id":12601,"href":"https:\/\/entretormentas.com\/index.php?rest_route=\/wp\/v2\/posts\/12598\/revisions\/12601"}],"wp:featuredmedia":[{"embeddable":true,"href":"https:\/\/entretormentas.com\/index.php?rest_route=\/wp\/v2\/media\/12599"}],"wp:attachment":[{"href":"https:\/\/entretormentas.com\/index.php?rest_route=%2Fwp%2Fv2%2Fmedia&parent=12598"}],"wp:term":[{"taxonomy":"category","embeddable":true,"href":"https:\/\/entretormentas.com\/index.php?rest_route=%2Fwp%2Fv2%2Fcategories&post=12598"},{"taxonomy":"post_tag","embeddable":true,"href":"https:\/\/entretormentas.com\/index.php?rest_route=%2Fwp%2Fv2%2Ftags&post=12598"}],"curies":[{"name":"wp","href":"https:\/\/api.w.org\/{rel}","templated":true}]}}