{"id":12602,"date":"2025-01-22T09:19:00","date_gmt":"2025-01-22T08:19:00","guid":{"rendered":"https:\/\/entretormentas.com\/?p=12602"},"modified":"2025-01-22T09:19:00","modified_gmt":"2025-01-22T08:19:00","slug":"en-dos-parroquias-de-maracaibo-todo-un-exito-inicio-de-las-primeras-ferias-alimentarias-del-sol-2025","status":"publish","type":"post","link":"https:\/\/entretormentas.com\/en-dos-parroquias-de-maracaibo-todo-un-exito-inicio-de-las-primeras-ferias-alimentarias-del-sol-2025\/","title":{"rendered":"\u00a1EN DOS PARROQUIAS DE MARACAIBO! Todo un \u00e9xito inicio de las primeras Ferias Alimentarias del Sol 2025"},"content":{"rendered":"\n<p><strong>ENTRE TORMENTAS.<\/strong> El sector Los Estanques de la parroquia Manuel Dagnino y el barrio San Antonio ubicado en la parroquia Antonio Borjas Romero fueron las primeras comunidades del a\u00f1o en recibir la visita de las Ferias Alimentarias del Sol de la Alcald\u00eda de Maracaibo, realizadas a trav\u00e9s de la Direcci\u00f3n de Alimentos, la ma\u00f1ana de este s\u00e1bado 18 de enero.<\/p>\n\n\n\n<p>Mediante estas dos jornadas, se distribuyeron m\u00e1s de 12 toneladas de una gran variedad de alimentos, encabezados por prote\u00edna, v\u00edveres y hortalizas de primera calidad a excelentes precios para apoyar la econom\u00eda de m\u00e1s de mil familias marabinas, as\u00ed lo se\u00f1al\u00f3 Rafael Viloria, director de alimentaci\u00f3n. \u201cDos ferias para dos parroquias en beneficio de m\u00e1s de mil familias. De esta forma damos inicio por cuarto a\u00f1o consecutivo a esta iniciativa que busca garantizar que todos los ciudadanos tengan acceso a recursos necesarios para una alimentaci\u00f3n saludable, balanceada y econ\u00f3mica\u201d.<\/p>\n\n\n\n<p>Viloria tambi\u00e9n record\u00f3 que en 2024 se llevaron a cabo 63 ferias alimentarias en las 18 parroquias de la ciudad, y destac\u00f3 que la meta para este a\u00f1o es superar esa cifra y atender a\u00fan m\u00e1s comunidades. \u201cCulminamos el 2024 con un excelente balance, presentes en todas las parroquias de Maracaibo. Este 2025 nuestra misi\u00f3n es llegar a m\u00e1s sectores y seguir incrementando el apoyo al plato de los marabinos\u201d, a\u00f1adi\u00f3.<\/p>\n\n\n\n<p>Asimismo, exhort\u00f3 a los marabinos a estar atentos a las redes sociales @direccionalimentosmcbo y @fundepomcbo en Instagram para conocer la ubicaci\u00f3n de las pr\u00f3ximas Ferias Alimentarias del Sol.<\/p>\n\n\n\n<figure class=\"wp-block-image size-large\"><img fetchpriority=\"high\" decoding=\"async\" width=\"1024\" height=\"575\" src=\"https:\/\/entretormentas.com\/wp-content\/uploads\/2025\/01\/image-336-1024x575.png\" alt=\"\" class=\"wp-image-12604\" srcset=\"https:\/\/entretormentas.com\/wp-content\/uploads\/2025\/01\/image-336-1024x575.png 1024w, https:\/\/entretormentas.com\/wp-content\/uploads\/2025\/01\/image-336-300x169.png 300w, https:\/\/entretormentas.com\/wp-content\/uploads\/2025\/01\/image-336-768x432.png 768w, https:\/\/entretormentas.com\/wp-content\/uploads\/2025\/01\/image-336-1536x863.png 1536w, https:\/\/entretormentas.com\/wp-content\/uploads\/2025\/01\/image-336.png 1600w\" sizes=\"(max-width: 1024px) 100vw, 1024px\" \/><\/figure>\n\n\n\n<p>Por su parte, Enmanuel Valbuena, presidente de Fundepo, destac\u00f3 que es la primera vez que las ferias alimentarias llegan al sector San Antonio: \u201cPoco a poco estamos cubriendo todas las \u00e1reas de nuestras parroquias, priorizando aquellas con mayor densidad y vulnerabilidad social. Siempre con la actitud de llevar este beneficio de alimentos de primera calidad, con una gran variedad y tambi\u00e9n excelentes precios para la econom\u00eda y el ahorro familiar\u201d.<\/p>\n\n\n\n<p>Del mismo modo, reafirm\u00f3 su compromiso con las comunidades marabinas para este a\u00f1o 2025: \u201cEl a\u00f1o pasado cumplimos con la Feria del Pescado, las ferias con venta de \u00fatiles escolares y nuestro tradicional hallacazo. Hoy iniciamos nuevamente nuestras jornadas para continuar con ese trabajo que iniciara el alcalde Rafael Ram\u00edrez Colina y que ahora lleva el alcalde encargado Adri\u00e1n Romero. Queremos decirle a la ciudad de Maracaibo que, a trav\u00e9s de Fundepo y la Direcci\u00f3n de Alimentos, conjuntamente con el sector privado y los productores del oeste, vamos a seguir dando respuesta y llevando soluciones a todas las parroquias de Maracaibo\u201d.<\/p>\n\n\n\n<p>Jos\u00e9 Leal, obrero de 63 a\u00f1os, habitante del sector San Antonio, manifest\u00f3 que considera extraordinario adquirir los productos de la Feria Alimentaria de Sol, sobre todo el pollo y los huevos, a buen precio: \u201cEste tipo de actividades es fundamental para el bien com\u00fan, especialmente para comunidades como la nuestra que no son c\u00e9ntricas y son un poco dif\u00edciles de acceder y para nosotros movilizarnos. Los precios son muy econ\u00f3micos y accesibles, y la calidad de los productos es excelente\u201d.<br><strong><em>ET \/ DCI Alcald\u00eda de Maracaibo<\/em><\/strong><\/p>\n","protected":false},"excerpt":{"rendered":"<p>ENTRE TORMENTAS. El sector Los Estanques de la parroquia Manuel Dagnino y el barrio San&#8230;<\/p>\n","protected":false},"author":2,"featured_media":12603,"comment_status":"closed","ping_status":"open","sticky":false,"template":"","format":"standard","meta":{"footnotes":""},"categories":[57,1],"tags":[],"class_list":["post-12602","post","type-post","status-publish","format-standard","has-post-thumbnail","hentry","category-actualidad","category-regionales"],"_links":{"self":[{"href":"https:\/\/entretormentas.com\/index.php?rest_route=\/wp\/v2\/posts\/12602","targetHints":{"allow":["GET"]}}],"collection":[{"href":"https:\/\/entretormentas.com\/index.php?rest_route=\/wp\/v2\/posts"}],"about":[{"href":"https:\/\/entretormentas.com\/index.php?rest_route=\/wp\/v2\/types\/post"}],"author":[{"embeddable":true,"href":"https:\/\/entretormentas.com\/index.php?rest_route=\/wp\/v2\/users\/2"}],"replies":[{"embeddable":true,"href":"https:\/\/entretormentas.com\/index.php?rest_route=%2Fwp%2Fv2%2Fcomments&post=12602"}],"version-history":[{"count":1,"href":"https:\/\/entretormentas.com\/index.php?rest_route=\/wp\/v2\/posts\/12602\/revisions"}],"predecessor-version":[{"id":12605,"href":"https:\/\/entretormentas.com\/index.php?rest_route=\/wp\/v2\/posts\/12602\/revisions\/12605"}],"wp:featuredmedia":[{"embeddable":true,"href":"https:\/\/entretormentas.com\/index.php?rest_route=\/wp\/v2\/media\/12603"}],"wp:attachment":[{"href":"https:\/\/entretormentas.com\/index.php?rest_route=%2Fwp%2Fv2%2Fmedia&parent=12602"}],"wp:term":[{"taxonomy":"category","embeddable":true,"href":"https:\/\/entretormentas.com\/index.php?rest_route=%2Fwp%2Fv2%2Fcategories&post=12602"},{"taxonomy":"post_tag","embeddable":true,"href":"https:\/\/entretormentas.com\/index.php?rest_route=%2Fwp%2Fv2%2Ftags&post=12602"}],"curies":[{"name":"wp","href":"https:\/\/api.w.org\/{rel}","templated":true}]}}