{"id":12610,"date":"2025-01-22T09:24:17","date_gmt":"2025-01-22T08:24:17","guid":{"rendered":"https:\/\/entretormentas.com\/?p=12610"},"modified":"2025-01-22T09:24:17","modified_gmt":"2025-01-22T08:24:17","slug":"al-sur-de-la-ciudad-alcaldia-de-maracaibo-inicia-el-primer-patroleo-del-2025-en-el-sector-el-gaitero-iii","status":"publish","type":"post","link":"https:\/\/entretormentas.com\/al-sur-de-la-ciudad-alcaldia-de-maracaibo-inicia-el-primer-patroleo-del-2025-en-el-sector-el-gaitero-iii\/","title":{"rendered":"\u00a1AL SUR DE LA CIUDAD! Alcald\u00eda de Maracaibo inicia el primer patroleo del 2025 en el sector El Gaitero III"},"content":{"rendered":"\n<p><strong>ENTRE TORMENTAS. <\/strong>Con el objetivo de recuperar la vialidad y accesibilidad de los habitantes del sector El Gaitero III y garantizar su acceso a servicios esenciales, la Alcald\u00eda de Maracaibo, a trav\u00e9s de la Direcci\u00f3n de Ingenier\u00eda Municipal (DIM), inici\u00f3 el pasado 13 de enero la intervenci\u00f3n que incluye los trabajos de patroleo en cinco calles de esta comunidad, ubicada en la parroquia Luis Hurtado de Higuera.<\/p>\n\n\n\n<p>Este es el primer patroleo ejecutado por la municipalidad en el a\u00f1o 2025 y beneficia a aproximadamente 12 mil habitantes que durante m\u00e1s de 35 a\u00f1os padec\u00edan por la obstrucci\u00f3n de sus calles y la acumulaci\u00f3n de agua en sus v\u00edas durante las temporadas de lluvia.<\/p>\n\n\n\n<p>La iniciativa para la ejecuci\u00f3n de este proyecto surge de una inspecci\u00f3n realizada el 19 de noviembre de 2024, as\u00ed lo record\u00f3 el alcalde encargado del municipio, Adri\u00e1n Romero Mart\u00ednez: \u00abEstamos evaluando los avances de los trabajos que comenzaron este a principios de esta semana. Este tramo parec\u00eda una selva por la vegetaci\u00f3n, alcanzando casi la altura de las rodillas y se encontraba intransitable. Gracias a los esfuerzos de nuestro equipo de infraestructura, le estamos brindando una soluci\u00f3n a los vecinos\u00bb.<\/p>\n\n\n\n<p>\u00abNuestro trabajo no se detiene aqu\u00ed; esto forma parte de un despliegue integral que implementaremos en la zona. Dentro de nuestras proyecciones tenemos realizar jornadas de salud, fumigaci\u00f3n y limpieza de bocas de visita que ahora son visibles gracias al patroleo\u00bb, a\u00f1adi\u00f3.<\/p>\n\n\n\n<figure class=\"wp-block-image size-large\"><img fetchpriority=\"high\" decoding=\"async\" width=\"1024\" height=\"576\" src=\"https:\/\/entretormentas.com\/wp-content\/uploads\/2025\/01\/image-339-1024x576.png\" alt=\"\" class=\"wp-image-12611\" srcset=\"https:\/\/entretormentas.com\/wp-content\/uploads\/2025\/01\/image-339-1024x576.png 1024w, https:\/\/entretormentas.com\/wp-content\/uploads\/2025\/01\/image-339-300x169.png 300w, https:\/\/entretormentas.com\/wp-content\/uploads\/2025\/01\/image-339-768x432.png 768w, https:\/\/entretormentas.com\/wp-content\/uploads\/2025\/01\/image-339-1536x864.png 1536w, https:\/\/entretormentas.com\/wp-content\/uploads\/2025\/01\/image-339-2048x1152.png 2048w\" sizes=\"(max-width: 1024px) 100vw, 1024px\" \/><\/figure>\n\n\n\n<p>Por su parte, Carlo Guanipa, director de Ingenier\u00eda Municipal, explic\u00f3 que, como resultado de las lluvias de meses anteriores, la acumulaci\u00f3n de sedimentos requiri\u00f3 de aproximadamente 50 camiones volteo para despejar la v\u00eda. \u00abAntes no hab\u00eda paso para el transporte p\u00fablico ni para los servicios b\u00e1sicos. Hemos nivelado la v\u00eda y retirado el sedimento, saneando alrededor de nueve mil metros cuadrados, beneficiando a unas 12 mil personas\u00bb, concluy\u00f3 el director.<\/p>\n\n\n\n<p>Doris Olivero, vecina de 77 a\u00f1os del barrio el Gaitero, expres\u00f3 sentirse \u201ccontenta y aliviada\u201d con los trabajos realizados en su comunidad. \u00abHe vivido aqu\u00ed durante 35 a\u00f1os y es la primera vez que recibimos respuesta para con esta problem\u00e1tica. Me alegra principalmente porque han quitado todo el monte y barro que hab\u00eda; ah\u00ed crec\u00edan caracoles e incluso culebras\u00bb, coment\u00f3 Olivero.<\/p>\n\n\n\n<p>Por su parte, Jos\u00e9 Chirinos, alba\u00f1il de 75 a\u00f1os, coment\u00f3: \u00abCuando llov\u00eda, el agua se acumulaba aqu\u00ed y qued\u00e1bamos pr\u00e1cticamente aislados. Esta calle estaba completamente abandonada, pero gracias a Dios ahora se est\u00e1 viendo el trabajo que se est\u00e1 realizando. Ahora no se nos inundar\u00e1 m\u00e1s. Gracias a Dios tendremos calles limpias. Al menos ahora s\u00ed pasar\u00e1n los camiones cisterna y las patrullas\u00bb, concluy\u00f3 Chirinos.<br><strong><em>ET \/ DCI Alcald\u00eda de Maracaibo<\/em><\/strong><\/p>\n","protected":false},"excerpt":{"rendered":"<p>ENTRE TORMENTAS. Con el objetivo de recuperar la vialidad y accesibilidad de los habitantes del&#8230;<\/p>\n","protected":false},"author":2,"featured_media":12612,"comment_status":"closed","ping_status":"open","sticky":false,"template":"","format":"standard","meta":{"footnotes":""},"categories":[57,1],"tags":[],"class_list":["post-12610","post","type-post","status-publish","format-standard","has-post-thumbnail","hentry","category-actualidad","category-regionales"],"_links":{"self":[{"href":"https:\/\/entretormentas.com\/index.php?rest_route=\/wp\/v2\/posts\/12610","targetHints":{"allow":["GET"]}}],"collection":[{"href":"https:\/\/entretormentas.com\/index.php?rest_route=\/wp\/v2\/posts"}],"about":[{"href":"https:\/\/entretormentas.com\/index.php?rest_route=\/wp\/v2\/types\/post"}],"author":[{"embeddable":true,"href":"https:\/\/entretormentas.com\/index.php?rest_route=\/wp\/v2\/users\/2"}],"replies":[{"embeddable":true,"href":"https:\/\/entretormentas.com\/index.php?rest_route=%2Fwp%2Fv2%2Fcomments&post=12610"}],"version-history":[{"count":1,"href":"https:\/\/entretormentas.com\/index.php?rest_route=\/wp\/v2\/posts\/12610\/revisions"}],"predecessor-version":[{"id":12613,"href":"https:\/\/entretormentas.com\/index.php?rest_route=\/wp\/v2\/posts\/12610\/revisions\/12613"}],"wp:featuredmedia":[{"embeddable":true,"href":"https:\/\/entretormentas.com\/index.php?rest_route=\/wp\/v2\/media\/12612"}],"wp:attachment":[{"href":"https:\/\/entretormentas.com\/index.php?rest_route=%2Fwp%2Fv2%2Fmedia&parent=12610"}],"wp:term":[{"taxonomy":"category","embeddable":true,"href":"https:\/\/entretormentas.com\/index.php?rest_route=%2Fwp%2Fv2%2Fcategories&post=12610"},{"taxonomy":"post_tag","embeddable":true,"href":"https:\/\/entretormentas.com\/index.php?rest_route=%2Fwp%2Fv2%2Ftags&post=12610"}],"curies":[{"name":"wp","href":"https:\/\/api.w.org\/{rel}","templated":true}]}}