{"id":12621,"date":"2025-01-22T09:30:20","date_gmt":"2025-01-22T08:30:20","guid":{"rendered":"https:\/\/entretormentas.com\/?p=12621"},"modified":"2025-01-22T09:30:20","modified_gmt":"2025-01-22T08:30:20","slug":"en-las-proximas-horas-se-anunciaran-cne-ya-definio-fecha-y-cronograma-de-la-primera-de-las-elecciones-de-2025","status":"publish","type":"post","link":"https:\/\/entretormentas.com\/en-las-proximas-horas-se-anunciaran-cne-ya-definio-fecha-y-cronograma-de-la-primera-de-las-elecciones-de-2025\/","title":{"rendered":"\u00a1EN LAS PR\u00d3XIMAS HORAS SE ANUNCIAR\u00c1N! CNE ya defini\u00f3 fecha y cronograma de la primera de las elecciones de 2025"},"content":{"rendered":"\n<p><strong>ENTRE TORMENTAS. <\/strong>Este martes 21 de enero, en la ma\u00f1ana el Consejo Nacional Electoral (CNE), emiti\u00f3 un comunicado oficial ofreciendo informaci\u00f3n sobre el cronograma electoral para este a\u00f1o 2025.<\/p>\n\n\n\n<p>A trav\u00e9s de un comunicado se inform\u00f3 que el Poder Electoral de la Rep\u00fablica Bolivariana de Venezuela, atendiendo sus prerrogativas constitucionales como \u00fanico ente establecido para la organizaci\u00f3n y realizaci\u00f3n de comicios en Venezuela, informa que se mantiene en sesi\u00f3n permanente desde el viernes 17 de enero a los efectos de planificar los nueve eventos electorales establecidos hasta ahora para el a\u00f1o 2025, tres elecciones constitucionales, las de Gobernadores y Consejos legislativos regionales, elecciones de alcald\u00edas municipales y concejos municipales y elecciones de diputadas y diputados de la Asamblea Nacional; as\u00ed como las seis consultas de proyectos del Poder Comunal.<\/p>\n\n\n\n<p>\u201cEn ese sentido queremos informar a toda nuestra poblaci\u00f3n que ya hemos definido la fecha y el cronograma de la primera de estas elecciones constitucionales, y en las pr\u00f3ximas horas anunciaremos la fecha, convocaremos la elecci\u00f3n y activaremos de forma inmediata los eventos del cronograma electoral\u201d, concluye el comunicado.<br><strong><em>ET \/ Agencias<\/em><\/strong><\/p>\n","protected":false},"excerpt":{"rendered":"<p>ENTRE TORMENTAS. Este martes 21 de enero, en la ma\u00f1ana el Consejo Nacional Electoral (CNE),&#8230;<\/p>\n","protected":false},"author":2,"featured_media":12622,"comment_status":"closed","ping_status":"open","sticky":false,"template":"","format":"standard","meta":{"footnotes":""},"categories":[56,49],"tags":[],"class_list":["post-12621","post","type-post","status-publish","format-standard","has-post-thumbnail","hentry","category-destacadas","category-nacionales"],"_links":{"self":[{"href":"https:\/\/entretormentas.com\/index.php?rest_route=\/wp\/v2\/posts\/12621","targetHints":{"allow":["GET"]}}],"collection":[{"href":"https:\/\/entretormentas.com\/index.php?rest_route=\/wp\/v2\/posts"}],"about":[{"href":"https:\/\/entretormentas.com\/index.php?rest_route=\/wp\/v2\/types\/post"}],"author":[{"embeddable":true,"href":"https:\/\/entretormentas.com\/index.php?rest_route=\/wp\/v2\/users\/2"}],"replies":[{"embeddable":true,"href":"https:\/\/entretormentas.com\/index.php?rest_route=%2Fwp%2Fv2%2Fcomments&post=12621"}],"version-history":[{"count":1,"href":"https:\/\/entretormentas.com\/index.php?rest_route=\/wp\/v2\/posts\/12621\/revisions"}],"predecessor-version":[{"id":12623,"href":"https:\/\/entretormentas.com\/index.php?rest_route=\/wp\/v2\/posts\/12621\/revisions\/12623"}],"wp:featuredmedia":[{"embeddable":true,"href":"https:\/\/entretormentas.com\/index.php?rest_route=\/wp\/v2\/media\/12622"}],"wp:attachment":[{"href":"https:\/\/entretormentas.com\/index.php?rest_route=%2Fwp%2Fv2%2Fmedia&parent=12621"}],"wp:term":[{"taxonomy":"category","embeddable":true,"href":"https:\/\/entretormentas.com\/index.php?rest_route=%2Fwp%2Fv2%2Fcategories&post=12621"},{"taxonomy":"post_tag","embeddable":true,"href":"https:\/\/entretormentas.com\/index.php?rest_route=%2Fwp%2Fv2%2Ftags&post=12621"}],"curies":[{"name":"wp","href":"https:\/\/api.w.org\/{rel}","templated":true}]}}