{"id":12624,"date":"2025-01-22T09:32:35","date_gmt":"2025-01-22T08:32:35","guid":{"rendered":"https:\/\/entretormentas.com\/?p=12624"},"modified":"2025-01-22T09:32:35","modified_gmt":"2025-01-22T08:32:35","slug":"en-la-asamblea-nacional-declaran-enemigos-publicos-a-los-expresidentes-colombianos-alvaro-uribe-e-ivan-duque","status":"publish","type":"post","link":"https:\/\/entretormentas.com\/en-la-asamblea-nacional-declaran-enemigos-publicos-a-los-expresidentes-colombianos-alvaro-uribe-e-ivan-duque\/","title":{"rendered":"\u00a1EN LA ASAMBLEA NACIONAL! Declaran enemigos p\u00fablicos a los expresidentes colombianos \u00c1lvaro Uribe e Iv\u00e1n Duque"},"content":{"rendered":"\n<p><strong>ENTRE TORMENTAS. <\/strong>La Asamblea Nacional (AN) declar\u00f3 este martes durante la sesi\u00f3n ordinaria el Proyecto de Acuerdo para declarar enemigo p\u00fablico del pa\u00eds a los expresidentes colombianos \u00c1lvaro Uribe V\u00e9lez e Iv\u00e1n Duque, de acuerdo con lo establecido en el art\u00edculo 111 del Reglamento Interior y de Debates del Parlamento Venezolano, informa \u00daltimas Noticias.<\/p>\n\n\n\n<p>El presidente del Poder Legislativo, el diputado Jorge Rodr\u00edguez (PSUV\/Dtto. Capital) expuso que los expresidentes colombianos, \u00c1lvaro Uribe V\u00e9lez e Iv\u00e1n Duque, est\u00e1n en deuda con los venezolanos por tantos asesinatos y paramilitarismo.<\/p>\n\n\n\n<p>Rodr\u00edguez denunci\u00f3 que Uribe V\u00e9lez est\u00e1 relacionado con el paramilitarismo, el terrorismo, el narcotr\u00e1fico, el fascismo y el crimen, \u201cle debe a Venezuela el asesinato del diputado Robert Serra, as\u00ed como el de los soldados venezolanos agredidos y asesinados en la frontera, por acci\u00f3n del narcotr\u00e1fico y del paramilitarismo\u201d.<\/p>\n\n\n\n<figure class=\"wp-block-image size-full\"><img fetchpriority=\"high\" decoding=\"async\" width=\"1024\" height=\"550\" src=\"https:\/\/entretormentas.com\/wp-content\/uploads\/2025\/01\/image-345.png\" alt=\"\" class=\"wp-image-12625\" srcset=\"https:\/\/entretormentas.com\/wp-content\/uploads\/2025\/01\/image-345.png 1024w, https:\/\/entretormentas.com\/wp-content\/uploads\/2025\/01\/image-345-300x161.png 300w, https:\/\/entretormentas.com\/wp-content\/uploads\/2025\/01\/image-345-768x413.png 768w\" sizes=\"(max-width: 1024px) 100vw, 1024px\" \/><\/figure>\n\n\n\n<p>El diputado Pedro Carre\u00f1o, present\u00f3 el Proyecto de Acuerdo para Declarar enemigo p\u00fablico de Rep\u00fablica Bolivariana de Venezuela al \u201cparamilitar, terrorista, narcotraficante, fascista, asesino, criminal y representante de la ultraderecha internacional, \u00c1lvaro Uribe V\u00e9lez\u201d.<\/p>\n\n\n\n<p>Carre\u00f1o realiz\u00f3 un breve resumen cronol\u00f3gico de la actuaci\u00f3n de Uribe a favor de los c\u00e1rteles narcotraficantes colombianos, en especial de Pablo Escobar Gaviria. \u201cSe qued\u00f3 corta la enumeraci\u00f3n\u201d, dijo Carre\u00f1o, al observar que durante la lectura de los delitos que caracterizan al exmandatario ultraderechista colombiano Uribe, hubo un murmullo intensificado en la plenaria, refiere el canal del Estado.<\/p>\n\n\n\n<p>\u201cUribe ha trabajado para el c\u00e1rtel de Medell\u00edn y es amigo de Pablo Escobar, y no lo digo yo, lo dice el documento desclasificado de la DEA\u201d, expres\u00f3 Carre\u00f1o.<\/p>\n\n\n\n<p>Dio lectura al informe de la DEA, de 1991, donde se establece un resumen de los m\u00e1s importantes narcotraficantes colombianos contratados por los c\u00e1rteles para su negocio de drogas y asesinatos selectivos. \u201cY aqu\u00ed se lee que el narcotraficante colombiano n\u00famero 82 es nada m\u00e1s y nada menos que \u00c1lvaro Uribe V\u00e9lez, colaborador del c\u00e1rtel desde altos niveles del Estado y de actividades de narc\u00f3ticos\u201d.<br><strong><em>ET \/ Agencias<\/em><\/strong><\/p>\n","protected":false},"excerpt":{"rendered":"<p>ENTRE TORMENTAS. La Asamblea Nacional (AN) declar\u00f3 este martes durante la sesi\u00f3n ordinaria el Proyecto&#8230;<\/p>\n","protected":false},"author":2,"featured_media":12626,"comment_status":"closed","ping_status":"open","sticky":false,"template":"","format":"standard","meta":{"footnotes":""},"categories":[56,49],"tags":[],"class_list":["post-12624","post","type-post","status-publish","format-standard","has-post-thumbnail","hentry","category-destacadas","category-nacionales"],"_links":{"self":[{"href":"https:\/\/entretormentas.com\/index.php?rest_route=\/wp\/v2\/posts\/12624","targetHints":{"allow":["GET"]}}],"collection":[{"href":"https:\/\/entretormentas.com\/index.php?rest_route=\/wp\/v2\/posts"}],"about":[{"href":"https:\/\/entretormentas.com\/index.php?rest_route=\/wp\/v2\/types\/post"}],"author":[{"embeddable":true,"href":"https:\/\/entretormentas.com\/index.php?rest_route=\/wp\/v2\/users\/2"}],"replies":[{"embeddable":true,"href":"https:\/\/entretormentas.com\/index.php?rest_route=%2Fwp%2Fv2%2Fcomments&post=12624"}],"version-history":[{"count":1,"href":"https:\/\/entretormentas.com\/index.php?rest_route=\/wp\/v2\/posts\/12624\/revisions"}],"predecessor-version":[{"id":12627,"href":"https:\/\/entretormentas.com\/index.php?rest_route=\/wp\/v2\/posts\/12624\/revisions\/12627"}],"wp:featuredmedia":[{"embeddable":true,"href":"https:\/\/entretormentas.com\/index.php?rest_route=\/wp\/v2\/media\/12626"}],"wp:attachment":[{"href":"https:\/\/entretormentas.com\/index.php?rest_route=%2Fwp%2Fv2%2Fmedia&parent=12624"}],"wp:term":[{"taxonomy":"category","embeddable":true,"href":"https:\/\/entretormentas.com\/index.php?rest_route=%2Fwp%2Fv2%2Fcategories&post=12624"},{"taxonomy":"post_tag","embeddable":true,"href":"https:\/\/entretormentas.com\/index.php?rest_route=%2Fwp%2Fv2%2Ftags&post=12624"}],"curies":[{"name":"wp","href":"https:\/\/api.w.org\/{rel}","templated":true}]}}