{"id":12641,"date":"2025-01-23T01:11:09","date_gmt":"2025-01-23T00:11:09","guid":{"rendered":"https:\/\/entretormentas.com\/?p=12641"},"modified":"2025-01-23T01:11:09","modified_gmt":"2025-01-23T00:11:09","slug":"franciela-nunez-de-fernandez-san-francisco-no-es-solo-un-lugar-es-el-corazon-que-compartimos-y-el-hogar-que-amamos","status":"publish","type":"post","link":"https:\/\/entretormentas.com\/franciela-nunez-de-fernandez-san-francisco-no-es-solo-un-lugar-es-el-corazon-que-compartimos-y-el-hogar-que-amamos\/","title":{"rendered":"FRANCIELA NU\u00d1EZ DE FERN\u00c1NDEZ: \u00abSan Francisco no es solo un lugar, es el coraz\u00f3n que compartimos y el hogar que amamos\u00bb"},"content":{"rendered":"\n<p><strong>ENTRE TORMENTAS. <\/strong>En el trig\u00e9simo aniversario de la creaci\u00f3n de San Francisco, la primera dama del municipio y presidente de la Fundaci\u00f3n Dama del Sur (Damasur), Franciela N\u00fa\u00f1ez de Fern\u00e1ndez, homenaje\u00f3 esta fecha exhortando a la comunidad a valorar su gentilicio y reconocer el trabajo de aquellos que contribuyeron a consolidar la autonom\u00eda de la ciudad.<\/p>\n\n\n\n<p>\u00abCelebremos lo que somos. San Francisco no es solo un lugar, es el coraz\u00f3n que compartimos, el hogar que amamos y que alberga tantos recuerdos. El sur es un testimonio de perseverancia, resiliencia, arraigo, nobleza y valent\u00eda\u00bb, afirm\u00f3 la primera dama en un mensaje difundido a trav\u00e9s de sus redes sociales.<\/p>\n\n\n\n<figure class=\"wp-block-image size-full\"><img fetchpriority=\"high\" decoding=\"async\" width=\"761\" height=\"761\" src=\"https:\/\/entretormentas.com\/wp-content\/uploads\/2025\/01\/image-356.png\" alt=\"\" class=\"wp-image-12644\" srcset=\"https:\/\/entretormentas.com\/wp-content\/uploads\/2025\/01\/image-356.png 761w, https:\/\/entretormentas.com\/wp-content\/uploads\/2025\/01\/image-356-300x300.png 300w, https:\/\/entretormentas.com\/wp-content\/uploads\/2025\/01\/image-356-150x150.png 150w\" sizes=\"(max-width: 761px) 100vw, 761px\" \/><\/figure>\n\n\n\n<p>En medio de los preparativos para los actos oficiales de la conmemoraci\u00f3n por el cumplea\u00f1os del municipio la presidente de Damasur hizo referencia a que: \u00abHomenajear el aniversario n\u00famero treinta de San Francisco es mantener viva nuestra historia, reconocer nuestras ra\u00edces y honrar el esfuerzo de quienes han construido con el pasar de los a\u00f1os esta hermosa tierra con sus manos.\u00bb<\/p>\n\n\n\n<p>De esta forma, la primera dama hizo referencia a la gesti\u00f3n que el alcalde Gustavo Fern\u00e1ndez ha impulsado desde su llegada en 2021. \u00abNuestro proyecto de gobernar para el bien ha saldado, por ejemplo, la deuda quir\u00fargica y fomentado el resurgimiento econ\u00f3mico de San Francisco. Adem\u00e1s, hemos abarcado los ejes econ\u00f3micos, sociales, servicios p\u00fablicos, salud, educaci\u00f3n, seguridad ciudadana, turismo, medio ambiente y cultura. Ahora respiramos paz, tolerancia y confianza.\u00bb<\/p>\n\n\n\n<figure class=\"wp-block-image size-large\"><img decoding=\"async\" width=\"768\" height=\"1024\" src=\"https:\/\/entretormentas.com\/wp-content\/uploads\/2025\/01\/image-355-768x1024.png\" alt=\"\" class=\"wp-image-12643\" srcset=\"https:\/\/entretormentas.com\/wp-content\/uploads\/2025\/01\/image-355-768x1024.png 768w, https:\/\/entretormentas.com\/wp-content\/uploads\/2025\/01\/image-355-225x300.png 225w, https:\/\/entretormentas.com\/wp-content\/uploads\/2025\/01\/image-355.png 960w\" sizes=\"(max-width: 768px) 100vw, 768px\" \/><\/figure>\n\n\n\n<p>Por lo tanto, \u00abes momento de mirar hacia adelante, con la certeza de que, unidos, podemos construir un futuro m\u00e1s brillante y esperanzador para nuestros hijos\u00bb, concluy\u00f3 la primera dama de San Francisco, Franciela N\u00fa\u00f1ez de Fern\u00e1ndez.<br><strong><em>ET \/ Alcald\u00eda de San Francisco<\/em><\/strong><\/p>\n","protected":false},"excerpt":{"rendered":"<p>ENTRE TORMENTAS. En el trig\u00e9simo aniversario de la creaci\u00f3n de San Francisco, la primera dama&#8230;<\/p>\n","protected":false},"author":2,"featured_media":12642,"comment_status":"closed","ping_status":"open","sticky":false,"template":"","format":"standard","meta":{"footnotes":""},"categories":[1],"tags":[],"class_list":["post-12641","post","type-post","status-publish","format-standard","has-post-thumbnail","hentry","category-regionales"],"_links":{"self":[{"href":"https:\/\/entretormentas.com\/index.php?rest_route=\/wp\/v2\/posts\/12641","targetHints":{"allow":["GET"]}}],"collection":[{"href":"https:\/\/entretormentas.com\/index.php?rest_route=\/wp\/v2\/posts"}],"about":[{"href":"https:\/\/entretormentas.com\/index.php?rest_route=\/wp\/v2\/types\/post"}],"author":[{"embeddable":true,"href":"https:\/\/entretormentas.com\/index.php?rest_route=\/wp\/v2\/users\/2"}],"replies":[{"embeddable":true,"href":"https:\/\/entretormentas.com\/index.php?rest_route=%2Fwp%2Fv2%2Fcomments&post=12641"}],"version-history":[{"count":1,"href":"https:\/\/entretormentas.com\/index.php?rest_route=\/wp\/v2\/posts\/12641\/revisions"}],"predecessor-version":[{"id":12645,"href":"https:\/\/entretormentas.com\/index.php?rest_route=\/wp\/v2\/posts\/12641\/revisions\/12645"}],"wp:featuredmedia":[{"embeddable":true,"href":"https:\/\/entretormentas.com\/index.php?rest_route=\/wp\/v2\/media\/12642"}],"wp:attachment":[{"href":"https:\/\/entretormentas.com\/index.php?rest_route=%2Fwp%2Fv2%2Fmedia&parent=12641"}],"wp:term":[{"taxonomy":"category","embeddable":true,"href":"https:\/\/entretormentas.com\/index.php?rest_route=%2Fwp%2Fv2%2Fcategories&post=12641"},{"taxonomy":"post_tag","embeddable":true,"href":"https:\/\/entretormentas.com\/index.php?rest_route=%2Fwp%2Fv2%2Ftags&post=12641"}],"curies":[{"name":"wp","href":"https:\/\/api.w.org\/{rel}","templated":true}]}}