{"id":12646,"date":"2025-01-23T01:13:06","date_gmt":"2025-01-23T00:13:06","guid":{"rendered":"https:\/\/entretormentas.com\/?p=12646"},"modified":"2025-01-23T01:13:07","modified_gmt":"2025-01-23T00:13:07","slug":"de-forma-irrevocable-ruben-baptista-concejal-de-maracaibo-renuncia-a-voluntad-popular","status":"publish","type":"post","link":"https:\/\/entretormentas.com\/de-forma-irrevocable-ruben-baptista-concejal-de-maracaibo-renuncia-a-voluntad-popular\/","title":{"rendered":"\u00a1DE FORMA IRREVOCABLE! Rub\u00e9n Baptista, concejal de Maracaibo, renuncia a Voluntad Popular"},"content":{"rendered":"\n<p><strong>ENTRE TORMENTAS. <\/strong>Este mi\u00e9rcoles 22 de enero, en una rueda de prensa realizada en la Alcald\u00eda de Maracaibo, el concejal del municipio Maracaibo, Rub\u00e9n Baptista Urribarr\u00ed, renunci\u00f3 de forma irrevocable a Voluntad Popular.<\/p>\n\n\n\n<p>\u00abCon un profundo sentido de responsabilidad, debo expresar m\u00ed preocupaci\u00f3n por la direcci\u00f3n que ha tomado el partido en los \u00faltimos a\u00f1os. Considero que Voluntad Popular perdi\u00f3 algunos de los principios y valores que lo han definido a lo largo de los a\u00f1os, lo cual me lleva a cuestionar mi permanencia en una organizaci\u00f3n que ya no refleja las convicciones en las que cre\u00eda\u00bb, manifest\u00f3 Baptista Urribarr\u00ed.<\/p>\n\n\n\n<p>El concejal de Maracaibo, resalt\u00f3 \u00abdesde un tiempo he sentido y vivido un alejamiento de la organizaci\u00f3n del Voluntad Popular, donde mi voz y mi punto de vista no era tomado en cuenta y pasaba por debajo de la mesa, lo cual me dejaba claro que ya mi opini\u00f3n no era importante\u00bb.<\/p>\n\n\n\n<p>En concejal de Maracaibo, Rub\u00e9n Baptista Urribarr\u00ed, enfatiz\u00f3 \u00abpor todo lo antes expuesto he tomado la dif\u00edcil decisi\u00f3n de renunciar irrevocablemente al Partido Voluntad Popular, como activista, ya que mis principios e ideales democr\u00e1ticos, que considero fundamentales para el progreso de nuestro pa\u00eds\u00bb.<br><strong><em>ET \/ Nota de Prensa<\/em><\/strong><\/p>\n","protected":false},"excerpt":{"rendered":"<p>ENTRE TORMENTAS. Este mi\u00e9rcoles 22 de enero, en una rueda de prensa realizada en la&#8230;<\/p>\n","protected":false},"author":2,"featured_media":12647,"comment_status":"closed","ping_status":"open","sticky":false,"template":"","format":"standard","meta":{"footnotes":""},"categories":[1],"tags":[],"class_list":["post-12646","post","type-post","status-publish","format-standard","has-post-thumbnail","hentry","category-regionales"],"_links":{"self":[{"href":"https:\/\/entretormentas.com\/index.php?rest_route=\/wp\/v2\/posts\/12646","targetHints":{"allow":["GET"]}}],"collection":[{"href":"https:\/\/entretormentas.com\/index.php?rest_route=\/wp\/v2\/posts"}],"about":[{"href":"https:\/\/entretormentas.com\/index.php?rest_route=\/wp\/v2\/types\/post"}],"author":[{"embeddable":true,"href":"https:\/\/entretormentas.com\/index.php?rest_route=\/wp\/v2\/users\/2"}],"replies":[{"embeddable":true,"href":"https:\/\/entretormentas.com\/index.php?rest_route=%2Fwp%2Fv2%2Fcomments&post=12646"}],"version-history":[{"count":1,"href":"https:\/\/entretormentas.com\/index.php?rest_route=\/wp\/v2\/posts\/12646\/revisions"}],"predecessor-version":[{"id":12648,"href":"https:\/\/entretormentas.com\/index.php?rest_route=\/wp\/v2\/posts\/12646\/revisions\/12648"}],"wp:featuredmedia":[{"embeddable":true,"href":"https:\/\/entretormentas.com\/index.php?rest_route=\/wp\/v2\/media\/12647"}],"wp:attachment":[{"href":"https:\/\/entretormentas.com\/index.php?rest_route=%2Fwp%2Fv2%2Fmedia&parent=12646"}],"wp:term":[{"taxonomy":"category","embeddable":true,"href":"https:\/\/entretormentas.com\/index.php?rest_route=%2Fwp%2Fv2%2Fcategories&post=12646"},{"taxonomy":"post_tag","embeddable":true,"href":"https:\/\/entretormentas.com\/index.php?rest_route=%2Fwp%2Fv2%2Ftags&post=12646"}],"curies":[{"name":"wp","href":"https:\/\/api.w.org\/{rel}","templated":true}]}}