{"id":12653,"date":"2025-01-23T01:22:05","date_gmt":"2025-01-23T00:22:05","guid":{"rendered":"https:\/\/entretormentas.com\/?p=12653"},"modified":"2025-01-23T01:22:05","modified_gmt":"2025-01-23T00:22:05","slug":"un-viaje-de-autonomia-y-progreso-san-francisco-celebra-30-anos-de-su-fundacion","status":"publish","type":"post","link":"https:\/\/entretormentas.com\/un-viaje-de-autonomia-y-progreso-san-francisco-celebra-30-anos-de-su-fundacion\/","title":{"rendered":"\u00a1UN VIAJE DE AUTONOM\u00cdA Y PROGRESO! San Francisco celebra 30 a\u00f1os de su fundaci\u00f3n"},"content":{"rendered":"\n<p><strong>ENTRE TORMENTAS. <\/strong>El ayuntamiento sure\u00f1o celebra un nuevo aniversario del municipio San Francisco, un territorio que ha recorrido un largo camino hacia su autonom\u00eda y desarrollo. Desde 1884, San Francisco form\u00f3 parte del antiguo Distrito Maracaibo, un per\u00edodo que marc\u00f3 el inicio de su rica historia.<\/p>\n\n\n\n<p>En 1989, San Francisco se integr\u00f3 como parroquia al municipio Maracaibo, pero fue el 22 de enero de 1995 cuando, gracias a la reforma de la Ley de Divisi\u00f3n Pol\u00edtico Territorial del Estado Zulia, impulsada por entonces diputado Saady Bijani, su primer alcalde, se erigi\u00f3 oficialmente como Municipio, logrando su ansiada autonom\u00eda.<\/p>\n\n\n\n<figure class=\"wp-block-image size-large\"><img fetchpriority=\"high\" decoding=\"async\" width=\"1024\" height=\"768\" src=\"https:\/\/entretormentas.com\/wp-content\/uploads\/2025\/01\/image-361-1024x768.png\" alt=\"\" class=\"wp-image-12655\" srcset=\"https:\/\/entretormentas.com\/wp-content\/uploads\/2025\/01\/image-361-1024x768.png 1024w, https:\/\/entretormentas.com\/wp-content\/uploads\/2025\/01\/image-361-300x225.png 300w, https:\/\/entretormentas.com\/wp-content\/uploads\/2025\/01\/image-361-768x576.png 768w, https:\/\/entretormentas.com\/wp-content\/uploads\/2025\/01\/image-361.png 1280w\" sizes=\"(max-width: 1024px) 100vw, 1024px\" \/><\/figure>\n\n\n\n<p>Este aniversario no solo celebra la independencia pol\u00edtica de San Francisco, sino tambi\u00e9n su evoluci\u00f3n como un municipio pujante en constante crecimiento y desarrollo en la regi\u00f3n zuliana. A lo largo de los a\u00f1os, San Francisco ha experimentado transformaciones significativas en infraestructura, servicios y calidad de vida para sus habitantes.<\/p>\n\n\n\n<p>En la actualidad, el alcalde Gustavo Fern\u00e1ndez contin\u00faa este legado con una gesti\u00f3n comprometida con el progreso y desarrollo del municipio. Su administraci\u00f3n se ha enfocado en devolver bienestar y atenci\u00f3n a los ciudadanos, implementando servicios p\u00fablicos de calidad y promoviendo la participaci\u00f3n comunitaria.<\/p>\n\n\n\n<p>Fern\u00e1ndez ha trabajado incansablemente en el mejoramiento de la calidad de vida de los habitantes de San Francisco, reflejando su compromiso con el bienestar de las comunidades.<\/p>\n\n\n\n<p>Los sanfranciscanos, sienten orgullo por ser de San Francisco y lo manifiestan, entre ellos la cronista Ada Ferrer, quien expres\u00f3 su alegr\u00eda por el 30 aniversario de haber sido creado el municipio, \u201ccuando nos independizamos de Maracaibo, el 22 de enero de 1995\u201d.<\/p>\n\n\n\n<figure class=\"wp-block-image size-large\"><img decoding=\"async\" width=\"1024\" height=\"768\" src=\"https:\/\/entretormentas.com\/wp-content\/uploads\/2025\/01\/image-362-1024x768.png\" alt=\"\" class=\"wp-image-12656\" srcset=\"https:\/\/entretormentas.com\/wp-content\/uploads\/2025\/01\/image-362-1024x768.png 1024w, https:\/\/entretormentas.com\/wp-content\/uploads\/2025\/01\/image-362-300x225.png 300w, https:\/\/entretormentas.com\/wp-content\/uploads\/2025\/01\/image-362-768x576.png 768w, https:\/\/entretormentas.com\/wp-content\/uploads\/2025\/01\/image-362.png 1280w\" sizes=\"(max-width: 1024px) 100vw, 1024px\" \/><\/figure>\n\n\n\n<p>Mientras que para Julio Fern\u00e1ndez, periodista e historiador, \u201cel 22 de enero de 1995, es una fecha muy importante porque marca el inicio del desarrollo institucional econ\u00f3mico y social de San Francisco, uno de los municipios m\u00e1s importantes de Venezuela y el segundo en el estado Zulia\u201d.<\/p>\n\n\n\n<p>Luis Urribarr\u00ed, gloria deportiva del municipio, catalog\u00f3 de muy importante la creaci\u00f3n del municipio San Francisco en 1995, \u00abcon direcci\u00f3n propia, con recursos propios. El municipio San Francisco fue avanzando y desarroll\u00e1ndose poco a poco para hacer una gran ciudad\u201d.<\/p>\n\n\n\n<p>Por su parte Juan Carlos Rangel, director de Instituto P\u00fablico Municipal de la Salud, refiri\u00f3 que \u201cen estos 30 a\u00f1os de la creaci\u00f3n del municipio San Francisco, la salud ha venido fortaleci\u00e9ndose, con el acceso gratuito y de calidad a la salud para todos los habitantes San Francisco\u201d.<\/p>\n\n\n\n<p>Los actos oficiales con motivo de celebrar el XXX Aniversario de la creaci\u00f3n del municipio se relizaron este 22 de enero a las 4:30 de la tarde con una eucarist\u00eda solemne en la iglesia Sant\u00edsimo Cristo, luego la ofrenda floral ante la estatua ecuestre del Libertador Sim\u00f3n Bol\u00edvar y seguidamente el acto protocolar en la Plaza Bol\u00edvar.<br><strong><em>ET \/ Alcald\u00eda de San Francisco<\/em><\/strong><\/p>\n","protected":false},"excerpt":{"rendered":"<p>ENTRE TORMENTAS. El ayuntamiento sure\u00f1o celebra un nuevo aniversario del municipio San Francisco, un territorio&#8230;<\/p>\n","protected":false},"author":2,"featured_media":12654,"comment_status":"closed","ping_status":"open","sticky":false,"template":"","format":"standard","meta":{"footnotes":""},"categories":[57,1],"tags":[],"class_list":["post-12653","post","type-post","status-publish","format-standard","has-post-thumbnail","hentry","category-actualidad","category-regionales"],"_links":{"self":[{"href":"https:\/\/entretormentas.com\/index.php?rest_route=\/wp\/v2\/posts\/12653","targetHints":{"allow":["GET"]}}],"collection":[{"href":"https:\/\/entretormentas.com\/index.php?rest_route=\/wp\/v2\/posts"}],"about":[{"href":"https:\/\/entretormentas.com\/index.php?rest_route=\/wp\/v2\/types\/post"}],"author":[{"embeddable":true,"href":"https:\/\/entretormentas.com\/index.php?rest_route=\/wp\/v2\/users\/2"}],"replies":[{"embeddable":true,"href":"https:\/\/entretormentas.com\/index.php?rest_route=%2Fwp%2Fv2%2Fcomments&post=12653"}],"version-history":[{"count":1,"href":"https:\/\/entretormentas.com\/index.php?rest_route=\/wp\/v2\/posts\/12653\/revisions"}],"predecessor-version":[{"id":12657,"href":"https:\/\/entretormentas.com\/index.php?rest_route=\/wp\/v2\/posts\/12653\/revisions\/12657"}],"wp:featuredmedia":[{"embeddable":true,"href":"https:\/\/entretormentas.com\/index.php?rest_route=\/wp\/v2\/media\/12654"}],"wp:attachment":[{"href":"https:\/\/entretormentas.com\/index.php?rest_route=%2Fwp%2Fv2%2Fmedia&parent=12653"}],"wp:term":[{"taxonomy":"category","embeddable":true,"href":"https:\/\/entretormentas.com\/index.php?rest_route=%2Fwp%2Fv2%2Fcategories&post=12653"},{"taxonomy":"post_tag","embeddable":true,"href":"https:\/\/entretormentas.com\/index.php?rest_route=%2Fwp%2Fv2%2Ftags&post=12653"}],"curies":[{"name":"wp","href":"https:\/\/api.w.org\/{rel}","templated":true}]}}