{"id":12658,"date":"2025-01-23T01:26:11","date_gmt":"2025-01-23T00:26:11","guid":{"rendered":"https:\/\/entretormentas.com\/?p=12658"},"modified":"2025-01-23T01:26:12","modified_gmt":"2025-01-23T00:26:12","slug":"accion-esperada-marabinos-reconocen-regularizacion-en-la-recoleccion-de-desechos-de-la-alcaldia","status":"publish","type":"post","link":"https:\/\/entretormentas.com\/accion-esperada-marabinos-reconocen-regularizacion-en-la-recoleccion-de-desechos-de-la-alcaldia\/","title":{"rendered":"\u00a1ACCI\u00d3N ESPERADA! Marabinos reconocen regularizaci\u00f3n en la recolecci\u00f3n de desechos de la Alcald\u00eda"},"content":{"rendered":"\n<p><strong>ENTRE TORMENTAS.<\/strong> Para los vecinos del sector Puerto Rico, la regularizaci\u00f3n del cronograma de recolecci\u00f3n de desechos ha tra\u00eddo alivio a su comunidad. La parroquia Cacique Mara, que cuenta con un servicio bisemanal los d\u00edas martes y viernes, nuevamente est\u00e1 por encima del 90% de efectividad de recolecci\u00f3n diaria de desechos del Instituto Municipal del Aseo Urbano (IMAU), un objetivo que desde hace un par de semanas se alcanza en las 18 parroquias de Maracaibo.<\/p>\n\n\n\n<p>Ver\u00f3nica Rodr\u00edguez, comerciante de 42 a\u00f1os, comparti\u00f3 su alegr\u00eda con respecto a la normalizaci\u00f3n de la recolecci\u00f3n del aseo urbano. \u201cS\u00ed hubo un tiempo que se descontrol\u00f3 y me alegra mucho que volvi\u00f3 a pasar dos veces a la semana como est\u00e1bamos acostumbrados\u201d, relat\u00f3 Rodr\u00edguez mientras saca las bolsas de desechos de su vivienda para que sean recogidas por el equipo de ambientalistas del IMAU. \u201cYo era una de las que pagaba para que se llevaran la basura y la botaran en otra parte, no la pod\u00eda dejar acumular porque tengo un puesto de comida cerca. Gracias a Dios, eso se acab\u00f3\u201d.<\/p>\n\n\n\n<figure class=\"wp-block-image size-large\"><img fetchpriority=\"high\" decoding=\"async\" width=\"1024\" height=\"682\" src=\"https:\/\/entretormentas.com\/wp-content\/uploads\/2025\/01\/image-364-1024x682.png\" alt=\"\" class=\"wp-image-12660\" srcset=\"https:\/\/entretormentas.com\/wp-content\/uploads\/2025\/01\/image-364-1024x682.png 1024w, https:\/\/entretormentas.com\/wp-content\/uploads\/2025\/01\/image-364-300x200.png 300w, https:\/\/entretormentas.com\/wp-content\/uploads\/2025\/01\/image-364-768x511.png 768w, https:\/\/entretormentas.com\/wp-content\/uploads\/2025\/01\/image-364.png 1280w\" sizes=\"(max-width: 1024px) 100vw, 1024px\" \/><\/figure>\n\n\n\n<p>Asimismo, Luz Marina Fern\u00e1ndez, ama de casa de 62 a\u00f1os, asegur\u00f3: \u201cEstoy contenta porque el martes vinieron y el viernes tambi\u00e9n. Por eso estamos aprovechando y limpiando los frentes, porque sab\u00edamos que hoy volv\u00edan a pasar por la basura\u201d. Con una escoba en mano, Fern\u00e1ndez coment\u00f3 que los d\u00edas que sabe que va a pasar el cami\u00f3n ella se ocupa en mantener su entorno limpio. \u201cYo barro la calle frente a mi casa todos los martes y viernes por inter\u00e9s de recoger todo en una bolsa y de una vez se la lleven. As\u00ed todo queda limpiecito\u201d, agreg\u00f3.<\/p>\n\n\n\n<p>Por otra parte, Judit Cubill\u00e1n, costurera de 65 a\u00f1os, tambi\u00e9n se uni\u00f3 a las voces que confirman que efectivamente \u201cen la calle se siente otro ambiente, pues poco a poco todo se ha ido normalizando\u201d. \u201cS\u00ed, el cami\u00f3n est\u00e1 pasando con m\u00e1s regularidad y los se\u00f1ores del aseo son muy atentos. Si uno no est\u00e1 afuera y ven que no hay bolsas, ellos tocan corneta y llaman para que uno se d\u00e9 cuenta de que ya est\u00e1n ac\u00e1\u201d, explic\u00f3.<\/p>\n\n\n\n<figure class=\"wp-block-image size-large\"><img decoding=\"async\" width=\"1024\" height=\"576\" src=\"https:\/\/entretormentas.com\/wp-content\/uploads\/2025\/01\/image-365-1024x576.png\" alt=\"\" class=\"wp-image-12661\" srcset=\"https:\/\/entretormentas.com\/wp-content\/uploads\/2025\/01\/image-365-1024x576.png 1024w, https:\/\/entretormentas.com\/wp-content\/uploads\/2025\/01\/image-365-300x169.png 300w, https:\/\/entretormentas.com\/wp-content\/uploads\/2025\/01\/image-365-768x432.png 768w, https:\/\/entretormentas.com\/wp-content\/uploads\/2025\/01\/image-365.png 1280w\" sizes=\"(max-width: 1024px) 100vw, 1024px\" \/><\/figure>\n\n\n\n<p><strong>CRONOGRAMA DE RECOLECCI\u00d3N<\/strong><br>Lunes: Luis Hurtado Higuera, Olegario Villalobos y Cristo de Aranza<br>Martes: Santa Luc\u00eda, Idelfonso V\u00e1squez, Bol\u00edvar, Cacique Mara, Cecilio Acosta y Coquivacoa<br>Mi\u00e9rcoles: Chiquinquir\u00e1, Manuel Dagnino y Juana de \u00c1vila<br>Jueves: Ra\u00fal Leoni, Olegario Villalobos y Cristo de Aranza<br>Viernes: Francisco Eugenio Bustamante, San Isidro, Caracciolo Parra P\u00e9rez, Cacique Mara, Cecilio Acosta<br>S\u00e1bado: Venancio Pulgar, Bol\u00edvar, Manuel Dagnino y Juana de \u00c1vila<br>Domingo: Antonio Borjas Romero y Coquivacoa.<\/p>\n\n\n\n<p>Adri\u00e1n Romero Mart\u00ednez, alcalde encargado de Maracaibo, se\u00f1al\u00f3 que se super\u00f3 una vez m\u00e1s la barrera del 90 por ciento de efectividad diaria de recolecci\u00f3n en cada parroquia. \u201cTuvimos dificultades a finales de noviembre y mitad de diciembre, pero ya esos obst\u00e1culos fueron superados. Nuestra operatividad del IMAU al 90 %, y por eso creemos que, sosteniendo el ritmo, dentro de muy poco, podremos avanzar al incluir m\u00e1s parroquias en la frecuencia de recolecci\u00f3n bisemanal\u201d afirm\u00f3.<br><strong><em>ET \/ DCI Alcald\u00eda de Maracaibo<\/em><\/strong><\/p>\n","protected":false},"excerpt":{"rendered":"<p>ENTRE TORMENTAS. Para los vecinos del sector Puerto Rico, la regularizaci\u00f3n del cronograma de recolecci\u00f3n&#8230;<\/p>\n","protected":false},"author":2,"featured_media":12659,"comment_status":"closed","ping_status":"open","sticky":false,"template":"","format":"standard","meta":{"footnotes":""},"categories":[57,1],"tags":[],"class_list":["post-12658","post","type-post","status-publish","format-standard","has-post-thumbnail","hentry","category-actualidad","category-regionales"],"_links":{"self":[{"href":"https:\/\/entretormentas.com\/index.php?rest_route=\/wp\/v2\/posts\/12658","targetHints":{"allow":["GET"]}}],"collection":[{"href":"https:\/\/entretormentas.com\/index.php?rest_route=\/wp\/v2\/posts"}],"about":[{"href":"https:\/\/entretormentas.com\/index.php?rest_route=\/wp\/v2\/types\/post"}],"author":[{"embeddable":true,"href":"https:\/\/entretormentas.com\/index.php?rest_route=\/wp\/v2\/users\/2"}],"replies":[{"embeddable":true,"href":"https:\/\/entretormentas.com\/index.php?rest_route=%2Fwp%2Fv2%2Fcomments&post=12658"}],"version-history":[{"count":1,"href":"https:\/\/entretormentas.com\/index.php?rest_route=\/wp\/v2\/posts\/12658\/revisions"}],"predecessor-version":[{"id":12662,"href":"https:\/\/entretormentas.com\/index.php?rest_route=\/wp\/v2\/posts\/12658\/revisions\/12662"}],"wp:featuredmedia":[{"embeddable":true,"href":"https:\/\/entretormentas.com\/index.php?rest_route=\/wp\/v2\/media\/12659"}],"wp:attachment":[{"href":"https:\/\/entretormentas.com\/index.php?rest_route=%2Fwp%2Fv2%2Fmedia&parent=12658"}],"wp:term":[{"taxonomy":"category","embeddable":true,"href":"https:\/\/entretormentas.com\/index.php?rest_route=%2Fwp%2Fv2%2Fcategories&post=12658"},{"taxonomy":"post_tag","embeddable":true,"href":"https:\/\/entretormentas.com\/index.php?rest_route=%2Fwp%2Fv2%2Ftags&post=12658"}],"curies":[{"name":"wp","href":"https:\/\/api.w.org\/{rel}","templated":true}]}}