{"id":12666,"date":"2025-01-23T01:31:39","date_gmt":"2025-01-23T00:31:39","guid":{"rendered":"https:\/\/entretormentas.com\/?p=12666"},"modified":"2025-01-23T01:31:40","modified_gmt":"2025-01-23T00:31:40","slug":"accion-regional-cabello-activa-ejercicios-escudo-bolivariano-2025-en-zulia","status":"publish","type":"post","link":"https:\/\/entretormentas.com\/accion-regional-cabello-activa-ejercicios-escudo-bolivariano-2025-en-zulia\/","title":{"rendered":"\u00a1ACCI\u00d3N REGIONAL! Cabello activa ejercicios Escudo Bolivariano 2025 en Zulia"},"content":{"rendered":"\n<p><strong>ENTRE TORMENTAS.<\/strong> A primera hora de la ma\u00f1ana de este mi\u00e9rcoles, desde el Aeropuerto Nacional Rel\u00e1mpago del Catatumbo en el estado Zulia, el vicepresidente Sectorial de Pol\u00edtica, Seguridad Ciudadana y Paz, Diosdado Cabello Rond\u00f3n, particip\u00f3 en el inicio de los ejercicios Escudo Bolivariano 2025, en perfecta Fusi\u00f3n Popular, Militar, Policial.<\/p>\n\n\n\n<p>Cabello indic\u00f3 que los \u00f3rganos de seguridad ciudadana del Estado est\u00e1n desplegados por el territorio nacional, con el objetivo de reaccionar de forma inmediata ante cualquier evento adverso y as\u00ed proteger los derechos del pueblo, tal como lo ha instruido el presidente constitucional de la Rep\u00fablica Bolivariana de Venezuela, Nicol\u00e1s Maduro Moros.<\/p>\n\n\n\n<figure class=\"wp-block-image size-full\"><img fetchpriority=\"high\" decoding=\"async\" width=\"1005\" height=\"670\" src=\"https:\/\/entretormentas.com\/wp-content\/uploads\/2025\/01\/image-368.png\" alt=\"\" class=\"wp-image-12668\" srcset=\"https:\/\/entretormentas.com\/wp-content\/uploads\/2025\/01\/image-368.png 1005w, https:\/\/entretormentas.com\/wp-content\/uploads\/2025\/01\/image-368-300x200.png 300w, https:\/\/entretormentas.com\/wp-content\/uploads\/2025\/01\/image-368-768x512.png 768w\" sizes=\"(max-width: 1005px) 100vw, 1005px\" \/><\/figure>\n\n\n\n<p>Por otra parte, el tambi\u00e9n Ministro de Relaciones Interiores, Justicia y Paz, detall\u00f3 que m\u00e1s de 680 combatientes de la Fuerza Armada Nacional Bolivariana (FANB), fuerzas policiales, Protecci\u00f3n Civil (PC) y Bomberos est\u00e1n activos en operaciones de car\u00e1cter defensivo, contraofensivo y de protecci\u00f3n de las instalaciones fronterizas, de ciudades y pueblos.<\/p>\n\n\n\n<p>Cabello enfatiz\u00f3 que \u201cVenezuela se ha activado en esta regi\u00f3n (Zulia) en la operaci\u00f3n de apoyo a los desplazados desde Colombia por el conflicto armado en la vecina naci\u00f3n y tambi\u00e9n contin\u00faa la atenci\u00f3n integral con la ayuda humanitaria a quienes lo requieran. (\u2026) El Gobierno Bolivariano tiene el poder de demostrar que vivimos en pleno ejercicio de soberan\u00eda libre\u201d, dijo.<\/p>\n\n\n\n<p>Finalmente, el Mandatario Nacional, Nicol\u00e1s Maduro, afirm\u00f3 que \u201cVenezuela tiene la capacidad para decir: estamos en paz. Hemos combatido de manera preventiva todas las amenazas que se han cernido sobre nuestra patria. As\u00ed como tambi\u00e9n hemos despejado intentonas que pretenden perturbar el pensamiento militar venezolano\u201d.<br><strong><em>ET \/ Nota de Prensa<\/em><\/strong><\/p>\n\n\n\n<p><\/p>\n","protected":false},"excerpt":{"rendered":"<p>ENTRE TORMENTAS. A primera hora de la ma\u00f1ana de este mi\u00e9rcoles, desde el Aeropuerto Nacional&#8230;<\/p>\n","protected":false},"author":2,"featured_media":12667,"comment_status":"closed","ping_status":"open","sticky":false,"template":"","format":"standard","meta":{"footnotes":""},"categories":[57,1],"tags":[],"class_list":["post-12666","post","type-post","status-publish","format-standard","has-post-thumbnail","hentry","category-actualidad","category-regionales"],"_links":{"self":[{"href":"https:\/\/entretormentas.com\/index.php?rest_route=\/wp\/v2\/posts\/12666","targetHints":{"allow":["GET"]}}],"collection":[{"href":"https:\/\/entretormentas.com\/index.php?rest_route=\/wp\/v2\/posts"}],"about":[{"href":"https:\/\/entretormentas.com\/index.php?rest_route=\/wp\/v2\/types\/post"}],"author":[{"embeddable":true,"href":"https:\/\/entretormentas.com\/index.php?rest_route=\/wp\/v2\/users\/2"}],"replies":[{"embeddable":true,"href":"https:\/\/entretormentas.com\/index.php?rest_route=%2Fwp%2Fv2%2Fcomments&post=12666"}],"version-history":[{"count":1,"href":"https:\/\/entretormentas.com\/index.php?rest_route=\/wp\/v2\/posts\/12666\/revisions"}],"predecessor-version":[{"id":12669,"href":"https:\/\/entretormentas.com\/index.php?rest_route=\/wp\/v2\/posts\/12666\/revisions\/12669"}],"wp:featuredmedia":[{"embeddable":true,"href":"https:\/\/entretormentas.com\/index.php?rest_route=\/wp\/v2\/media\/12667"}],"wp:attachment":[{"href":"https:\/\/entretormentas.com\/index.php?rest_route=%2Fwp%2Fv2%2Fmedia&parent=12666"}],"wp:term":[{"taxonomy":"category","embeddable":true,"href":"https:\/\/entretormentas.com\/index.php?rest_route=%2Fwp%2Fv2%2Fcategories&post=12666"},{"taxonomy":"post_tag","embeddable":true,"href":"https:\/\/entretormentas.com\/index.php?rest_route=%2Fwp%2Fv2%2Ftags&post=12666"}],"curies":[{"name":"wp","href":"https:\/\/api.w.org\/{rel}","templated":true}]}}