{"id":12682,"date":"2025-01-23T01:46:47","date_gmt":"2025-01-23T00:46:47","guid":{"rendered":"https:\/\/entretormentas.com\/?p=12682"},"modified":"2025-01-23T01:46:47","modified_gmt":"2025-01-23T00:46:47","slug":"crisis-fronteriza-ascienden-a-32-mil-los-desplazados-por-violencia-guerrillera-en-catatumbo","status":"publish","type":"post","link":"https:\/\/entretormentas.com\/crisis-fronteriza-ascienden-a-32-mil-los-desplazados-por-violencia-guerrillera-en-catatumbo\/","title":{"rendered":"\u00a1CRISIS FRONTERIZA! Ascienden a 32 mil los desplazados por violencia guerrillera en Catatumbo"},"content":{"rendered":"\n<p><strong>ENTRE TORMENTAS. <\/strong>El n\u00famero de desplazados por la violencia guerrillera en la regi\u00f3n colombiana del Catatumbo, en el departamento de Norte de Santander (noreste), ascendi\u00f3 este martes a 32 mil tras seis d\u00edas de enfrentamientos entre el Ej\u00e9rcito de Liberaci\u00f3n Nacional (ELN) y una disidencia de las antiguas FARC.<\/p>\n\n\n\n<p>As\u00ed lo manifest\u00f3 la defensora del pueblo, Iris Mar\u00edn, quien dijo que 15 mil personas se vieron forzadas a buscar refugio en C\u00facuta, capital de Norte de Santander; 11 mil llegaron a Oca\u00f1a, segunda ciudad de ese departamento, y cinco mil 300 a Tib\u00fa, localidad ubicada en el Catatumbo.<\/p>\n\n\n\n<figure class=\"wp-block-image size-full\"><img fetchpriority=\"high\" decoding=\"async\" width=\"946\" height=\"630\" src=\"https:\/\/entretormentas.com\/wp-content\/uploads\/2025\/01\/image-376.png\" alt=\"\" class=\"wp-image-12684\" srcset=\"https:\/\/entretormentas.com\/wp-content\/uploads\/2025\/01\/image-376.png 946w, https:\/\/entretormentas.com\/wp-content\/uploads\/2025\/01\/image-376-300x200.png 300w, https:\/\/entretormentas.com\/wp-content\/uploads\/2025\/01\/image-376-768x511.png 768w\" sizes=\"(max-width: 946px) 100vw, 946px\" \/><\/figure>\n\n\n\n<p>Desde el pasado jueves, d\u00eda en que el ELN comenz\u00f3 los ataques contra el Frente 33 de las disidencias de las FARC, unas 80 personas han sido asesinadas en el Catatumbo, seg\u00fan cifras de la Gobernaci\u00f3n de Norte de Santander, entre ellas al menos seis firmantes del acuerdo de paz de 2016.<\/p>\n\n\n\n<p>Sin embargo, Mar\u00edn precis\u00f3 que el Instituto de Medicina Legal ha recibido apenas 35 cuerpos sin vida, de los cuales dos a\u00fan no han sido identificados.<br><strong><em>ET \/ EFE<\/em><\/strong><\/p>\n\n\n\n<p><\/p>\n","protected":false},"excerpt":{"rendered":"<p>ENTRE TORMENTAS. El n\u00famero de desplazados por la violencia guerrillera en la regi\u00f3n colombiana del&#8230;<\/p>\n","protected":false},"author":2,"featured_media":12683,"comment_status":"closed","ping_status":"open","sticky":false,"template":"","format":"standard","meta":{"footnotes":""},"categories":[56,48],"tags":[],"class_list":["post-12682","post","type-post","status-publish","format-standard","has-post-thumbnail","hentry","category-destacadas","category-internacionales"],"_links":{"self":[{"href":"https:\/\/entretormentas.com\/index.php?rest_route=\/wp\/v2\/posts\/12682","targetHints":{"allow":["GET"]}}],"collection":[{"href":"https:\/\/entretormentas.com\/index.php?rest_route=\/wp\/v2\/posts"}],"about":[{"href":"https:\/\/entretormentas.com\/index.php?rest_route=\/wp\/v2\/types\/post"}],"author":[{"embeddable":true,"href":"https:\/\/entretormentas.com\/index.php?rest_route=\/wp\/v2\/users\/2"}],"replies":[{"embeddable":true,"href":"https:\/\/entretormentas.com\/index.php?rest_route=%2Fwp%2Fv2%2Fcomments&post=12682"}],"version-history":[{"count":1,"href":"https:\/\/entretormentas.com\/index.php?rest_route=\/wp\/v2\/posts\/12682\/revisions"}],"predecessor-version":[{"id":12685,"href":"https:\/\/entretormentas.com\/index.php?rest_route=\/wp\/v2\/posts\/12682\/revisions\/12685"}],"wp:featuredmedia":[{"embeddable":true,"href":"https:\/\/entretormentas.com\/index.php?rest_route=\/wp\/v2\/media\/12683"}],"wp:attachment":[{"href":"https:\/\/entretormentas.com\/index.php?rest_route=%2Fwp%2Fv2%2Fmedia&parent=12682"}],"wp:term":[{"taxonomy":"category","embeddable":true,"href":"https:\/\/entretormentas.com\/index.php?rest_route=%2Fwp%2Fv2%2Fcategories&post=12682"},{"taxonomy":"post_tag","embeddable":true,"href":"https:\/\/entretormentas.com\/index.php?rest_route=%2Fwp%2Fv2%2Ftags&post=12682"}],"curies":[{"name":"wp","href":"https:\/\/api.w.org\/{rel}","templated":true}]}}