{"id":12689,"date":"2025-01-23T09:18:09","date_gmt":"2025-01-23T08:18:09","guid":{"rendered":"https:\/\/entretormentas.com\/?p=12689"},"modified":"2025-01-23T09:18:10","modified_gmt":"2025-01-23T08:18:10","slug":"aspira-a-la-reeleccion-alcalde-gustavo-fernandez-afirmo-que-seguira-luchando-por-san-francisco-y-que-los-espacios-no-se-entregan","status":"publish","type":"post","link":"https:\/\/entretormentas.com\/aspira-a-la-reeleccion-alcalde-gustavo-fernandez-afirmo-que-seguira-luchando-por-san-francisco-y-que-los-espacios-no-se-entregan\/","title":{"rendered":"\u00a1ASPIRA A LA REELECCI\u00d3N! Alcalde Gustavo Fern\u00e1ndez afirm\u00f3 que seguir\u00e1 luchando por San Francisco y que \u00ablos espacios no se entregan\u00bb"},"content":{"rendered":"\n<p><strong>ENTRE TORMENTAS. <\/strong>El Alcalde de San Francisco, Gustavo Fern\u00e1ndez M\u00e9ndez, encabez\u00f3 los actos conmemorativos de los 30 a\u00f1os de fundado del municipio sure\u00f1o, los cuales iniciaron con una solemne eucarist\u00eda oficiada en la Iglesia Sant\u00edsimo Cristo, mejor conocida como \u00abdel Padre V\u00edlchez\u00bb y que culminaron con una sesi\u00f3n solemne en la Plaza Bol\u00edvar de esa importante localidad.<\/p>\n\n\n\n<p>Al acto asistieron varios alcaldes de la regi\u00f3n y el gobernador del Zulia, Manuel Rosales Guerrero, as\u00ed como diferentes personalidades de la vida pol\u00edtica, social y econ\u00f3mica de la regi\u00f3n. Todos se sumaron a la celebraci\u00f3n de estas tres d\u00e9cadas de historia como municipio.<\/p>\n\n\n\n<figure class=\"wp-block-image size-large\"><img fetchpriority=\"high\" decoding=\"async\" width=\"1024\" height=\"675\" src=\"https:\/\/entretormentas.com\/wp-content\/uploads\/2025\/01\/image-382-1024x675.png\" alt=\"\" class=\"wp-image-12694\" srcset=\"https:\/\/entretormentas.com\/wp-content\/uploads\/2025\/01\/image-382-1024x675.png 1024w, https:\/\/entretormentas.com\/wp-content\/uploads\/2025\/01\/image-382-300x198.png 300w, https:\/\/entretormentas.com\/wp-content\/uploads\/2025\/01\/image-382-768x506.png 768w, https:\/\/entretormentas.com\/wp-content\/uploads\/2025\/01\/image-382.png 1280w\" sizes=\"(max-width: 1024px) 100vw, 1024px\" \/><\/figure>\n\n\n\n<p><strong>GALLO QUE NO REPITE\u2026<\/strong><br>Al concluir el acto, el mandatario local fue abordado por los periodistas presentes; quienes le insistieron en torno al tema pol\u00edtico, debido a que este a\u00f1o se debe realizar elecciones regionales y municipales. \u201cLos espacios no se entregan, nosotros trabajamos muy duro para recuperar a San Francisco. Yo estoy comprometido con este municipio, no puedo desviar mi atenci\u00f3n a otro sentido que no sea seguir trabajando por San Francisco. Por supuesto que San Francisco va a seguir contando con nosotros, con Manuel Rosales, con Gustavo Fern\u00e1ndez y con todos los alcaldes de la oposici\u00f3n\u201d, enfatiz\u00f3 Fern\u00e1ndez M\u00e9ndez.<\/p>\n\n\n\n<p>El burgomaestre se mostr\u00f3 optimista por lo que traer\u00e1 el naciente a\u00f1o, en el cual asegura que las diferencias de los diferentes factores pol\u00edticos quedaron en el pasado. \u201cNo podemos permitir que el des\u00e1nimo nos venza. El 2025 es un a\u00f1o de mucha expectativa, nosotros tenemos que seguir con esperanza puesta en el futuro\u201d, recalc\u00f3 el mandatario sure\u00f1o.<\/p>\n\n\n\n<figure class=\"wp-block-image size-large\"><img decoding=\"async\" width=\"1024\" height=\"748\" src=\"https:\/\/entretormentas.com\/wp-content\/uploads\/2025\/01\/image-381-1024x748.png\" alt=\"\" class=\"wp-image-12693\" srcset=\"https:\/\/entretormentas.com\/wp-content\/uploads\/2025\/01\/image-381-1024x748.png 1024w, https:\/\/entretormentas.com\/wp-content\/uploads\/2025\/01\/image-381-300x219.png 300w, https:\/\/entretormentas.com\/wp-content\/uploads\/2025\/01\/image-381-768x561.png 768w, https:\/\/entretormentas.com\/wp-content\/uploads\/2025\/01\/image-381.png 1280w\" sizes=\"(max-width: 1024px) 100vw, 1024px\" \/><\/figure>\n\n\n\n<p>Fern\u00e1ndez M\u00e9ndez asever\u00f3 que el municipio sure\u00f1o permaneci\u00f3 \u00ab12 a\u00f1os en la oscuridad y lleg\u00f3 la luz\u00bb, por lo que no es posible regresar al pasado. \u00abComo dice la oraci\u00f3n de San Francisco de As\u00eds &#8216;que donde haya odio pongamos amor&#8217; y eso es lo que hemos hecho. Nosotros cambiamos el miedo del pasado por la esperanza y el futuro y eso lo sabe San Francisco\u00bb, concluy\u00f3 el mandatario local.<br><strong><em>ET \/ Gabriel Sthormes<\/em><\/strong><\/p>\n","protected":false},"excerpt":{"rendered":"<p>ENTRE TORMENTAS. El Alcalde de San Francisco, Gustavo Fern\u00e1ndez M\u00e9ndez, encabez\u00f3 los actos conmemorativos de&#8230;<\/p>\n","protected":false},"author":2,"featured_media":12692,"comment_status":"closed","ping_status":"open","sticky":false,"template":"","format":"standard","meta":{"footnotes":""},"categories":[56,1],"tags":[],"class_list":["post-12689","post","type-post","status-publish","format-standard","has-post-thumbnail","hentry","category-destacadas","category-regionales"],"_links":{"self":[{"href":"https:\/\/entretormentas.com\/index.php?rest_route=\/wp\/v2\/posts\/12689","targetHints":{"allow":["GET"]}}],"collection":[{"href":"https:\/\/entretormentas.com\/index.php?rest_route=\/wp\/v2\/posts"}],"about":[{"href":"https:\/\/entretormentas.com\/index.php?rest_route=\/wp\/v2\/types\/post"}],"author":[{"embeddable":true,"href":"https:\/\/entretormentas.com\/index.php?rest_route=\/wp\/v2\/users\/2"}],"replies":[{"embeddable":true,"href":"https:\/\/entretormentas.com\/index.php?rest_route=%2Fwp%2Fv2%2Fcomments&post=12689"}],"version-history":[{"count":1,"href":"https:\/\/entretormentas.com\/index.php?rest_route=\/wp\/v2\/posts\/12689\/revisions"}],"predecessor-version":[{"id":12696,"href":"https:\/\/entretormentas.com\/index.php?rest_route=\/wp\/v2\/posts\/12689\/revisions\/12696"}],"wp:featuredmedia":[{"embeddable":true,"href":"https:\/\/entretormentas.com\/index.php?rest_route=\/wp\/v2\/media\/12692"}],"wp:attachment":[{"href":"https:\/\/entretormentas.com\/index.php?rest_route=%2Fwp%2Fv2%2Fmedia&parent=12689"}],"wp:term":[{"taxonomy":"category","embeddable":true,"href":"https:\/\/entretormentas.com\/index.php?rest_route=%2Fwp%2Fv2%2Fcategories&post=12689"},{"taxonomy":"post_tag","embeddable":true,"href":"https:\/\/entretormentas.com\/index.php?rest_route=%2Fwp%2Fv2%2Ftags&post=12689"}],"curies":[{"name":"wp","href":"https:\/\/api.w.org\/{rel}","templated":true}]}}