{"id":12702,"date":"2025-01-24T08:34:22","date_gmt":"2025-01-24T07:34:22","guid":{"rendered":"https:\/\/entretormentas.com\/?p=12702"},"modified":"2025-01-24T08:34:22","modified_gmt":"2025-01-24T07:34:22","slug":"en-su-trigesimo-aniversario-san-francisco-reconoce-a-destacados-deportistas","status":"publish","type":"post","link":"https:\/\/entretormentas.com\/en-su-trigesimo-aniversario-san-francisco-reconoce-a-destacados-deportistas\/","title":{"rendered":"\u00a1EN SU TRIG\u00c9SIMO ANIVERSARIO! San Francisco reconoce a destacados deportistas"},"content":{"rendered":"\n<p><strong>ENTRE TORMENTAS.<\/strong> Durante la celebraci\u00f3n de los 30 a\u00f1os de creaci\u00f3n del municipio San Francisco, los deportistas, Mario S\u00e1nchez ( B\u00e9isbol), Mar\u00eda Araujo (Gimnasia R\u00edtmica) y Deportivo Popular (F\u00fatbol) recibieron reconocimientos como orgullo de San Francisco.<\/p>\n\n\n\n<p>El alcalde del municipio San Francisco, Gustavo Fern\u00e1ndez y el gobernador del estado Zulia, Manuel Rosales entregaron los reconocimientos en la Plaza Bol\u00edvar.<\/p>\n\n\n\n<p>Gerardo Mu\u00f1oz, presidente del Instituto P\u00fablico Municipal de Deportes de San Francisco, destac\u00f3 el impacto del deporte en el municipio a lo largo de estos 30 a\u00f1os: \u00abEn 30 a\u00f1os el deporte cambi\u00f3 en San Francisco. De ser un municipio dormitorio, ahora los de Maracaibo vienen a San Francisco, el municipio ha crecido exponencialmente no solamente en el deporte, sino en muchas \u00e1reas. El deporte se reflej\u00f3 en los pasados Juegos Deportivos Nacionales, otorgando la mayor cantidad de medallas al estado Zulia\u00bb.<\/p>\n\n\n\n<p>La orden \u201cOrgullo de San Francisco\u201d fue entregada a destacados atletas y entidades que han contribuido al desarrollo deportivo en la regi\u00f3n.<\/p>\n\n\n\n<figure class=\"wp-block-image size-large\"><img fetchpriority=\"high\" decoding=\"async\" width=\"1024\" height=\"682\" src=\"https:\/\/entretormentas.com\/wp-content\/uploads\/2025\/01\/image-388-1024x682.png\" alt=\"\" class=\"wp-image-12704\" srcset=\"https:\/\/entretormentas.com\/wp-content\/uploads\/2025\/01\/image-388-1024x682.png 1024w, https:\/\/entretormentas.com\/wp-content\/uploads\/2025\/01\/image-388-300x200.png 300w, https:\/\/entretormentas.com\/wp-content\/uploads\/2025\/01\/image-388-768x511.png 768w, https:\/\/entretormentas.com\/wp-content\/uploads\/2025\/01\/image-388.png 1080w\" sizes=\"(max-width: 1024px) 100vw, 1024px\" \/><\/figure>\n\n\n\n<p>Mario S\u00e1nchez, lanzador de las \u00c1guilas del Zulia y exjugador de la Peque\u00f1a Liga de Sierra Maestra, recibi\u00f3 el reconocimiento municipal. \u00abGracias a las personas que me tomaron en cuenta para recibir el premio, es un gran orgullo para m\u00ed, ya que crec\u00ed en San Francisco, aunque no viv\u00ed aqu\u00ed, toda mi preparaci\u00f3n fue en las peque\u00f1as ligas de Sierra Maestra. Son muchas cosas las que recuerdo de las peque\u00f1as ligas, desde los 3 a\u00f1os juegu\u00e9 alli, son muchos recuerdos bonitos, muchos compa\u00f1eros con los que todav\u00eda tengo contacto, son recuerdos que quedan para siempre\u201d, acot\u00f3 el lanzador derecho.<\/p>\n\n\n\n<p>Mar\u00eda Araujo, selecci\u00f3n del estado Zulia en Gimnasia R\u00edtmica, tambi\u00e9n recibi\u00f3 su premio, destacando la importancia de su carrera deportiva, \u201cEs un honor estar ac\u00e1, que me est\u00e9n entregando este premio, de verdad estoy muy orgullosa, feliz y agradecida con todos ustedes. Mi mam\u00e1 me llev\u00f3 al Palacio de los Deportes a la edad de 12 a\u00f1os y desde ese momento me enamor\u00e9 de la gimnasia y a\u00fan estoy trabajando en eso para lograr muchas cosas m\u00e1s.\u201d<\/p>\n\n\n\n<p>Por su parte, Jyanny Osorio, en representaci\u00f3n del Deportivo Popular, agreg\u00f3 \u201cPrimero quiero agradecer a Dios, porque hoy estamos recordando 25 a\u00f1os atr\u00e1s todas las cosas que hemos vivido y que hemos pasado. Es un honor grand\u00edsimo recibir este premio y se lo dedicamos a todas las familias del club Deportivo Popular, a todos los integrantes, a todos los padres, representantes, jugadores y principalmente a los directivos, a las coordinadoras, al cuerpo t\u00e9cnico que son mis hermanos, mis amigos. Gracias, este reconocimiento es para ellos.\u201d<\/p>\n\n\n\n<p>El evento fue un reflejo del crecimiento deportivo y la dedicaci\u00f3n de la comunidad de San Francisco, que sigue apostando por el desarrollo de sus atletas y la promoci\u00f3n del deporte como motor de superaci\u00f3n en la regi\u00f3n.<br><strong><em>ET \/ Prensa IMDEP<\/em><\/strong><\/p>\n\n\n\n<p><\/p>\n","protected":false},"excerpt":{"rendered":"<p>ENTRE TORMENTAS. Durante la celebraci\u00f3n de los 30 a\u00f1os de creaci\u00f3n del municipio San Francisco,&#8230;<\/p>\n","protected":false},"author":2,"featured_media":12703,"comment_status":"closed","ping_status":"open","sticky":false,"template":"","format":"standard","meta":{"footnotes":""},"categories":[53],"tags":[],"class_list":["post-12702","post","type-post","status-publish","format-standard","has-post-thumbnail","hentry","category-deportes"],"_links":{"self":[{"href":"https:\/\/entretormentas.com\/index.php?rest_route=\/wp\/v2\/posts\/12702","targetHints":{"allow":["GET"]}}],"collection":[{"href":"https:\/\/entretormentas.com\/index.php?rest_route=\/wp\/v2\/posts"}],"about":[{"href":"https:\/\/entretormentas.com\/index.php?rest_route=\/wp\/v2\/types\/post"}],"author":[{"embeddable":true,"href":"https:\/\/entretormentas.com\/index.php?rest_route=\/wp\/v2\/users\/2"}],"replies":[{"embeddable":true,"href":"https:\/\/entretormentas.com\/index.php?rest_route=%2Fwp%2Fv2%2Fcomments&post=12702"}],"version-history":[{"count":1,"href":"https:\/\/entretormentas.com\/index.php?rest_route=\/wp\/v2\/posts\/12702\/revisions"}],"predecessor-version":[{"id":12705,"href":"https:\/\/entretormentas.com\/index.php?rest_route=\/wp\/v2\/posts\/12702\/revisions\/12705"}],"wp:featuredmedia":[{"embeddable":true,"href":"https:\/\/entretormentas.com\/index.php?rest_route=\/wp\/v2\/media\/12703"}],"wp:attachment":[{"href":"https:\/\/entretormentas.com\/index.php?rest_route=%2Fwp%2Fv2%2Fmedia&parent=12702"}],"wp:term":[{"taxonomy":"category","embeddable":true,"href":"https:\/\/entretormentas.com\/index.php?rest_route=%2Fwp%2Fv2%2Fcategories&post=12702"},{"taxonomy":"post_tag","embeddable":true,"href":"https:\/\/entretormentas.com\/index.php?rest_route=%2Fwp%2Fv2%2Ftags&post=12702"}],"curies":[{"name":"wp","href":"https:\/\/api.w.org\/{rel}","templated":true}]}}