{"id":12716,"date":"2025-01-24T08:45:27","date_gmt":"2025-01-24T07:45:27","guid":{"rendered":"https:\/\/entretormentas.com\/?p=12716"},"modified":"2025-01-24T08:45:27","modified_gmt":"2025-01-24T07:45:27","slug":"la-2da-ciudad-mas-importante-del-occidente-san-francisco-celebro-30-anos-de-su-creacion-como-municipio","status":"publish","type":"post","link":"https:\/\/entretormentas.com\/la-2da-ciudad-mas-importante-del-occidente-san-francisco-celebro-30-anos-de-su-creacion-como-municipio\/","title":{"rendered":"\u00a1LA 2DA CIUDAD M\u00c1S IMPORTANTE DEL OCCIDENTE! San Francisco celebr\u00f3 30 a\u00f1os de su creaci\u00f3n como municipio"},"content":{"rendered":"\n<p><strong>ENTRE TORMENTAS. <\/strong>San Francisco festej\u00f3 con j\u00fabilo, emoci\u00f3n y orgullo un nuevo aniversario de su elevaci\u00f3n como municipio aut\u00f3nomo, iniciando con una eucarist\u00eda solemne en la Iglesia Sant\u00edsimo Cristo, donde agradecieron a Dios por otro a\u00f1o cargado de historia y esperanza, una ofrenda floral, ante la estatua ecuestre de El Libertador Sim\u00f3n Bol\u00edvar, por parte de los representantes del poder ejecutivo, legislativo regional y municipal, cuerpo policial e historiadores del municipio.<\/p>\n\n\n\n<p>El acto protocolar estuvo presidido por el alcalde Gustavo Fern\u00e1ndez, quien durante su intervenci\u00f3n hizo referencia al t\u00e9rmino tiempo \u00abque no es m\u00e1s que la secuencia de sucesos que se divide en tres momentos, el pasado que se puede analizar, pero no se puede cambiar, el presente que est\u00e1 en constante movimiento y cambio y el futuro que es lo que se puede construir y es eso precisamente lo que estamos haciendo en San Francisco, construyendo el futuro de un mejor porvenir para \u00e9sta y las generaciones por venir. Estamos enrumbados a convertirnos en la fuerza econ\u00f3mica del Zulia, porque decidimos cambiar el miedo del pasado por la esperanza y el futuro\u00bb explic\u00f3.<\/p>\n\n\n\n<figure class=\"wp-block-image size-large\"><img fetchpriority=\"high\" decoding=\"async\" width=\"1024\" height=\"682\" src=\"https:\/\/entretormentas.com\/wp-content\/uploads\/2025\/01\/image-396-1024x682.png\" alt=\"\" class=\"wp-image-12718\" srcset=\"https:\/\/entretormentas.com\/wp-content\/uploads\/2025\/01\/image-396-1024x682.png 1024w, https:\/\/entretormentas.com\/wp-content\/uploads\/2025\/01\/image-396-300x200.png 300w, https:\/\/entretormentas.com\/wp-content\/uploads\/2025\/01\/image-396-768x511.png 768w, https:\/\/entretormentas.com\/wp-content\/uploads\/2025\/01\/image-396.png 1080w\" sizes=\"(max-width: 1024px) 100vw, 1024px\" \/><\/figure>\n\n\n\n<p>Destac\u00f3 la actuaci\u00f3n de glorias deportivas como el boxeador Betulio Gonz\u00e1lez, en las artes esc\u00e9nicas del humorista Beto Parra y de intelectuales como la profesora Ada Ferrer, cronista del municipio San Francisco.<\/p>\n\n\n\n<p>El gobernador del estado Zulia, Manuel Rosales hizo una cronolog\u00eda detallada de los tr\u00e1mites y solicitudes que se hicieran en la extinta Asamblea Legislativa, para lograr la autonom\u00eda politico- territorial y financiera de San Francisco. Reconoci\u00f3 la labor del proponente de esta iniciativa, Saady Bijani, qui\u00e9n se convertir\u00eda m\u00e1s tarde en el primer alcalde de la entidad sure\u00f1a.<\/p>\n\n\n\n<p>\u00abReci\u00e9n electo nuevamente gobernador vine a los Cortijos a devolver dos poderosas empresas agroalimentarias que hab\u00edan sido expropiadas hoy se encuentran activas, generando empleo y prosperidad en San Francisco. Uno de nuestros valores como gobierno es el respeto a la propiedad privada. Ninguna naci\u00f3n avanza sin la comuni\u00f3n del sector p\u00fablico con el privado\u00bb asever\u00f3 el mandatario regional.<\/p>\n\n\n\n<p>Anunci\u00f3 que en los pr\u00f3ximos d\u00edas reinaugurar\u00e1 el centro cl\u00ednico ambulatorio El Silencio, en la parroquia Domitila Flores, como parte del programa que adelanta la gobernaci\u00f3n en la recuperaci\u00f3n de los distintos centros de salud en la regi\u00f3n zuliana.<\/p>\n\n\n\n<p>Isabel Mele\u00e1n Davalillo, una joven de 17 a\u00f1os de edad, reconocida por su participaci\u00f3n en competencias nacionales e internacionales de Rob\u00f3tica, fue la encargada de dirigir el discurso de orden \u00abHoy represento a las nuevas generaciones. Durante estos 30 a\u00f1os hemos visto como nuestros antecesores han realizado aportes significativos para desarrollar nuestro municipio. Miramos ese pasado con gratitud, pero tambi\u00e9n miramos al futuro con esperanza y decisi\u00f3n, adapt\u00e1ndonos a las nuevas tecnolog\u00edas y tendencias mundiales. Vivimos en una era de innovaci\u00f3n constante y es nuestro deber aprovechar estas herramientas para el desarrollo sostenible y el bienestar de nuestras comunidades, convirti\u00e9ndonos en los arquitectos de un nuevo mundo\u00bb, puntualiz\u00f3.<\/p>\n\n\n\n<p>Como parte de la programaci\u00f3n, el mandatario municipal impuso el bot\u00f3n \u00abOrgullo del Municipio\u00bb a Isabel Melean Davalillo, Elio Urdaneta Bosc\u00e1n, Sebasti\u00e1n Guadagnini, Andr\u00e9s Rinc\u00f3n (miembros de la selecci\u00f3n nacional de Robotica) Leoner Atencio Sempr\u00fan (M\u00fasico) y Mar\u00eda Valentina Araujo (Atleta) por su gran trayectoria de vida, en favor del progreso y fortalecimiento social de este municipio.<\/p>\n\n\n\n<p>Tambien confiri\u00f3 la orden en su primera clase \u00abSan Francisco de Asis\u00bb a Saady Bijani, primer alcalde del municipio San Francisco, a la doctora Carmen Betancourt de Ben\u00edtez, post mortem (Policl\u00ednica San Francisco) Mario S\u00e1nchez (Beisbolista) Unidad Educativa Privada Colegio Cristo Rey, Centro Cl\u00ednico Medisur, Arturos, Ferreter\u00eda Bicolor, Alimentos Kiri, Primazol, Fundaci\u00f3n Civil Casa del Adulto Mayor \u00abSue\u00f1os de Anta\u00f1o\u00bb, Club deportivo Popular, Equipo de Vole\u00edbol Master 50 masculino San Francisco, Iglesia Cristiana Bena\u00eda, Iglesia Evang\u00e9lica Palestina, por su excepcional compromiso y dedicaci\u00f3n hacia el desarrollo econ\u00f3mico, social, cultural, educativo, deportivo o religioso, siendo un faro de esperanza y gu\u00eda para aquellos que comparten la visi\u00f3n de un municipio en constante crecimiento.<\/p>\n\n\n\n<figure class=\"wp-block-image size-large\"><img decoding=\"async\" width=\"1024\" height=\"682\" src=\"https:\/\/entretormentas.com\/wp-content\/uploads\/2025\/01\/image-397-1024x682.png\" alt=\"\" class=\"wp-image-12719\" srcset=\"https:\/\/entretormentas.com\/wp-content\/uploads\/2025\/01\/image-397-1024x682.png 1024w, https:\/\/entretormentas.com\/wp-content\/uploads\/2025\/01\/image-397-300x200.png 300w, https:\/\/entretormentas.com\/wp-content\/uploads\/2025\/01\/image-397-768x511.png 768w, https:\/\/entretormentas.com\/wp-content\/uploads\/2025\/01\/image-397.png 1080w\" sizes=\"(max-width: 1024px) 100vw, 1024px\" \/><\/figure>\n\n\n\n<p>La actividad cont\u00f3 con la presencia de la presidente del Consejo Legislativo del estado Zulia, Iraida Villasmil (Clez) parlamentarios regionales, los alcaldes de Maracaibo, Adri\u00e1n Romero, de Santa Rita, Alenis Guerrero, de Machiques de Perij\u00e1, Vidal Prieto, Jos\u00e9 Mosquera, alcalde de Lagunillas, ediles municipales, autoridades, eclesi\u00e1sticas, empresariales, entre otros organismos regionales y municipales, fuerzas vivas, invitados especiales y comunidad en general.<\/p>\n\n\n\n<p>Gracias a la gesti\u00f3n del alcalde Gustavo Fern\u00e1ndez, hoy en San Francisco, se evidencian cambios positivos que le han permitido posicionarse como la segunda ciudad m\u00e1s importante del occidente del pa\u00eds.<br><strong><em>ET \/ Alcald\u00eda de San Francisco<\/em><\/strong><\/p>\n\n\n\n<p><\/p>\n","protected":false},"excerpt":{"rendered":"<p>ENTRE TORMENTAS. San Francisco festej\u00f3 con j\u00fabilo, emoci\u00f3n y orgullo un nuevo aniversario de su&#8230;<\/p>\n","protected":false},"author":2,"featured_media":12717,"comment_status":"closed","ping_status":"open","sticky":false,"template":"","format":"standard","meta":{"footnotes":""},"categories":[57,1],"tags":[],"class_list":["post-12716","post","type-post","status-publish","format-standard","has-post-thumbnail","hentry","category-actualidad","category-regionales"],"_links":{"self":[{"href":"https:\/\/entretormentas.com\/index.php?rest_route=\/wp\/v2\/posts\/12716","targetHints":{"allow":["GET"]}}],"collection":[{"href":"https:\/\/entretormentas.com\/index.php?rest_route=\/wp\/v2\/posts"}],"about":[{"href":"https:\/\/entretormentas.com\/index.php?rest_route=\/wp\/v2\/types\/post"}],"author":[{"embeddable":true,"href":"https:\/\/entretormentas.com\/index.php?rest_route=\/wp\/v2\/users\/2"}],"replies":[{"embeddable":true,"href":"https:\/\/entretormentas.com\/index.php?rest_route=%2Fwp%2Fv2%2Fcomments&post=12716"}],"version-history":[{"count":1,"href":"https:\/\/entretormentas.com\/index.php?rest_route=\/wp\/v2\/posts\/12716\/revisions"}],"predecessor-version":[{"id":12720,"href":"https:\/\/entretormentas.com\/index.php?rest_route=\/wp\/v2\/posts\/12716\/revisions\/12720"}],"wp:featuredmedia":[{"embeddable":true,"href":"https:\/\/entretormentas.com\/index.php?rest_route=\/wp\/v2\/media\/12717"}],"wp:attachment":[{"href":"https:\/\/entretormentas.com\/index.php?rest_route=%2Fwp%2Fv2%2Fmedia&parent=12716"}],"wp:term":[{"taxonomy":"category","embeddable":true,"href":"https:\/\/entretormentas.com\/index.php?rest_route=%2Fwp%2Fv2%2Fcategories&post=12716"},{"taxonomy":"post_tag","embeddable":true,"href":"https:\/\/entretormentas.com\/index.php?rest_route=%2Fwp%2Fv2%2Ftags&post=12716"}],"curies":[{"name":"wp","href":"https:\/\/api.w.org\/{rel}","templated":true}]}}