{"id":12721,"date":"2025-01-24T08:49:24","date_gmt":"2025-01-24T07:49:24","guid":{"rendered":"https:\/\/entretormentas.com\/?p=12721"},"modified":"2025-01-24T08:49:25","modified_gmt":"2025-01-24T07:49:25","slug":"revise-el-cronograma-recoleccion-de-desechos-domiciliaria-supera-el-90-de-efectividad-en-enero-en-maracaibo","status":"publish","type":"post","link":"https:\/\/entretormentas.com\/revise-el-cronograma-recoleccion-de-desechos-domiciliaria-supera-el-90-de-efectividad-en-enero-en-maracaibo\/","title":{"rendered":"\u00a1REVISE EL CRONOGRAMA! Recolecci\u00f3n de desechos domiciliaria supera el 90 % de efectividad en enero en Maracaibo"},"content":{"rendered":"\n<p><strong>ENTRE TORMENTAS. <\/strong>Con el trabajo constante desde la Alcald\u00eda de Maracaibo a trav\u00e9s de del Instituto Municipal de Aseo Urbano de Maracaibo (IMAU) se alcanz\u00f3 el 90 por ciento de efectividad en el cumplimiento del cronograma de recolecci\u00f3n de desechos que atiende semanalmente a 10 parroquias y de forma bisemanal a las otras ocho, desde junio de 2024.<\/p>\n\n\n\n<p>Adri\u00e1n Romero Mart\u00ednez, alcalde encargado de Maracaibo, hizo un llamado a los vecinos de los diversos sectores de la ciudad a sacar los desechos el d\u00eda que les corresponde a cada parroquia. \u201cPueden estar confiados y sacar su basura educada desde muy temprano, porque todo el personal est\u00e1 desplegado para darle cumplimiento al cronograma\u201d.<\/p>\n\n\n\n<figure class=\"wp-block-image size-large\"><img fetchpriority=\"high\" decoding=\"async\" width=\"1024\" height=\"576\" src=\"https:\/\/entretormentas.com\/wp-content\/uploads\/2025\/01\/image-399-1024x576.png\" alt=\"\" class=\"wp-image-12723\" srcset=\"https:\/\/entretormentas.com\/wp-content\/uploads\/2025\/01\/image-399-1024x576.png 1024w, https:\/\/entretormentas.com\/wp-content\/uploads\/2025\/01\/image-399-300x169.png 300w, https:\/\/entretormentas.com\/wp-content\/uploads\/2025\/01\/image-399-768x432.png 768w, https:\/\/entretormentas.com\/wp-content\/uploads\/2025\/01\/image-399.png 1280w\" sizes=\"(max-width: 1024px) 100vw, 1024px\" \/><\/figure>\n\n\n\n<p>Durante una supervisi\u00f3n domiciliaria desde la parroquia Chiquinquir\u00e1, Romero Mart\u00ednez detall\u00f3 que para la atenci\u00f3n total de esta zona se emplear\u00edan 16 unidades de recolecci\u00f3n para culminar la atenci\u00f3n antes de las 2:00 de la tarde.<\/p>\n\n\n\n<p>Reiter\u00f3 que para garantizar una recolecci\u00f3n \u00f3ptima es fundamental que se respete el cronograma al momento de sacar los desechos del hogar, por lo que es importante destacar que son las parroquias Bol\u00edvar, Coquivacoa, Cacique Mara, Cecilio Acosta, Manuel Dagnino, Cristo de Aranza, Juana de \u00c1vila y Olegario Villalobos, que cuentan con un horario bisemanal, mientras que, Cristo de Aranza, Luis Hurtado Higuera, Santa Luc\u00eda, Francisco Eugenio Bustamante, San Isidro, Idelfonso V\u00e1squez, Antonio Borjas Romero, Chiquinquir\u00e1, Caracciolo Parra P\u00e9rez y Ra\u00fal Leoni reciben la visita del aseo urbano una vez a la semana.<\/p>\n\n\n\n<p>\u00abGracias a Dios ya est\u00e1 pasando al aseo, ojal\u00e1 que todo siga as\u00ed, que siga mejorando, porque somos nosotros los que sufrimos las consecuencias de todo. Se nota mucho el cambio\u201d, destac\u00f3 Virginia Nieto, de 65 a\u00f1os, habitante de Cacique Mara.<\/p>\n\n\n\n<figure class=\"wp-block-image size-large\"><img decoding=\"async\" width=\"1024\" height=\"576\" src=\"https:\/\/entretormentas.com\/wp-content\/uploads\/2025\/01\/image-400-1024x576.png\" alt=\"\" class=\"wp-image-12724\" srcset=\"https:\/\/entretormentas.com\/wp-content\/uploads\/2025\/01\/image-400-1024x576.png 1024w, https:\/\/entretormentas.com\/wp-content\/uploads\/2025\/01\/image-400-300x169.png 300w, https:\/\/entretormentas.com\/wp-content\/uploads\/2025\/01\/image-400-768x432.png 768w, https:\/\/entretormentas.com\/wp-content\/uploads\/2025\/01\/image-400.png 1280w\" sizes=\"(max-width: 1024px) 100vw, 1024px\" \/><\/figure>\n\n\n\n<p><strong>CRONOGRAMA POR PARROQUIA:<\/strong><\/p>\n\n\n\n<ul class=\"wp-block-list\">\n<li>Luis Hurtado Higuera: lunes<\/li>\n\n\n\n<li>Olegario Villalobos: lunes, jueves<\/li>\n\n\n\n<li>Cristo de Aranza: lunes, jueves<\/li>\n\n\n\n<li>Santa Luc\u00eda: martes<\/li>\n\n\n\n<li>Idelfonso V\u00e1squez: martes<\/li>\n\n\n\n<li>Bol\u00edvar: martes, s\u00e1bado<\/li>\n\n\n\n<li>Cacique Mara: martes, viernes<\/li>\n\n\n\n<li>Cecilio Acosta: martes, viernes<\/li>\n\n\n\n<li>Coquivacoa: martes, domingo<\/li>\n\n\n\n<li>Chiquinquir\u00e1: mi\u00e9rcoles<\/li>\n\n\n\n<li>Manuel Dagnino: mi\u00e9rcoles, s\u00e1bado<\/li>\n\n\n\n<li>Juana de \u00c1vila: mi\u00e9rcoles, s\u00e1bado<\/li>\n\n\n\n<li>Ra\u00fal Leoni: jueves<\/li>\n\n\n\n<li>Francisco Eugenio Bustamante: viernes<\/li>\n\n\n\n<li>San Isidro: viernes<\/li>\n\n\n\n<li>Caracciolo P. P\u00e9rez: viernes<\/li>\n\n\n\n<li>Venancio Pulgar: s\u00e1bado<\/li>\n\n\n\n<li>Antonio Borjas: domingo<br><strong><em>ET \/ DIC Alcald\u00eda de Maracaibo<\/em><\/strong><\/li>\n<\/ul>\n\n\n\n<p><\/p>\n","protected":false},"excerpt":{"rendered":"<p>ENTRE TORMENTAS. Con el trabajo constante desde la Alcald\u00eda de Maracaibo a trav\u00e9s de del&#8230;<\/p>\n","protected":false},"author":2,"featured_media":12722,"comment_status":"closed","ping_status":"open","sticky":false,"template":"","format":"standard","meta":{"footnotes":""},"categories":[57,1],"tags":[],"class_list":["post-12721","post","type-post","status-publish","format-standard","has-post-thumbnail","hentry","category-actualidad","category-regionales"],"_links":{"self":[{"href":"https:\/\/entretormentas.com\/index.php?rest_route=\/wp\/v2\/posts\/12721","targetHints":{"allow":["GET"]}}],"collection":[{"href":"https:\/\/entretormentas.com\/index.php?rest_route=\/wp\/v2\/posts"}],"about":[{"href":"https:\/\/entretormentas.com\/index.php?rest_route=\/wp\/v2\/types\/post"}],"author":[{"embeddable":true,"href":"https:\/\/entretormentas.com\/index.php?rest_route=\/wp\/v2\/users\/2"}],"replies":[{"embeddable":true,"href":"https:\/\/entretormentas.com\/index.php?rest_route=%2Fwp%2Fv2%2Fcomments&post=12721"}],"version-history":[{"count":1,"href":"https:\/\/entretormentas.com\/index.php?rest_route=\/wp\/v2\/posts\/12721\/revisions"}],"predecessor-version":[{"id":12725,"href":"https:\/\/entretormentas.com\/index.php?rest_route=\/wp\/v2\/posts\/12721\/revisions\/12725"}],"wp:featuredmedia":[{"embeddable":true,"href":"https:\/\/entretormentas.com\/index.php?rest_route=\/wp\/v2\/media\/12722"}],"wp:attachment":[{"href":"https:\/\/entretormentas.com\/index.php?rest_route=%2Fwp%2Fv2%2Fmedia&parent=12721"}],"wp:term":[{"taxonomy":"category","embeddable":true,"href":"https:\/\/entretormentas.com\/index.php?rest_route=%2Fwp%2Fv2%2Fcategories&post=12721"},{"taxonomy":"post_tag","embeddable":true,"href":"https:\/\/entretormentas.com\/index.php?rest_route=%2Fwp%2Fv2%2Ftags&post=12721"}],"curies":[{"name":"wp","href":"https:\/\/api.w.org\/{rel}","templated":true}]}}