{"id":12726,"date":"2025-01-24T08:52:50","date_gmt":"2025-01-24T07:52:50","guid":{"rendered":"https:\/\/entretormentas.com\/?p=12726"},"modified":"2025-01-24T08:52:50","modified_gmt":"2025-01-24T07:52:50","slug":"en-maracaibo-subestacion-de-gas-hato-escondido-es-la-quinta-rehabilitada-por-la-alcaldia","status":"publish","type":"post","link":"https:\/\/entretormentas.com\/en-maracaibo-subestacion-de-gas-hato-escondido-es-la-quinta-rehabilitada-por-la-alcaldia\/","title":{"rendered":"\u00a1EN MARACAIBO! Subestaci\u00f3n de gas Hato Escondido es la quinta rehabilitada por la Alcald\u00eda"},"content":{"rendered":"\n<p><strong>ENTRE TORMENTAS.<\/strong> \u00a1Primera estaci\u00f3n de gas del 2025 lista! La Alcald\u00eda de Maracaibo, a trav\u00e9s del Servicio Aut\u00f3nomo Municipal de Gas e Infraestructura (SAGAS), rehabilit\u00f3 \u201cHato Escondido\u201d la quinta de las 28 subestaciones de gas que distribuyen el servicio en toda la ciudad.<\/p>\n\n\n\n<p>Esta estaci\u00f3n surte a m\u00e1s de 12 mil viviendas de 26 sectores de las parroquias Venancio Pulgar y Antonio Borjas Romero, beneficiando con un mejor servicio de gas a 60 mil 775 marabinos.<\/p>\n\n\n\n<figure class=\"wp-block-image size-large\"><img fetchpriority=\"high\" decoding=\"async\" width=\"1024\" height=\"576\" src=\"https:\/\/entretormentas.com\/wp-content\/uploads\/2025\/01\/image-402-1024x576.png\" alt=\"\" class=\"wp-image-12728\" srcset=\"https:\/\/entretormentas.com\/wp-content\/uploads\/2025\/01\/image-402-1024x576.png 1024w, https:\/\/entretormentas.com\/wp-content\/uploads\/2025\/01\/image-402-300x169.png 300w, https:\/\/entretormentas.com\/wp-content\/uploads\/2025\/01\/image-402-768x432.png 768w, https:\/\/entretormentas.com\/wp-content\/uploads\/2025\/01\/image-402.png 1280w\" sizes=\"(max-width: 1024px) 100vw, 1024px\" \/><\/figure>\n\n\n\n<p>Seg\u00fan se\u00f1al\u00f3 el alcalde encargado del municipio Maracaibo, Adri\u00e1n Romero Mart\u00ednez, esta es la quinta estaci\u00f3n intervenida luego de 23 a\u00f1os sin recibir servicio de mantenimiento, asimismo record\u00f3 lo ocurrido en esta misma estaci\u00f3n la madrugada del 25 de diciembre, cuando una manipulaci\u00f3n indebida por parte de los vecinos ocasion\u00f3 la suspensi\u00f3n del servicio de m\u00e1s de dos mil familias.<\/p>\n\n\n\n<p>\u201cEn el mes de diciembre tuvimos una situaci\u00f3n ocasionada por mala manipulaci\u00f3n de fuegos artificiales. Los vecinos de Cecilia Cuello irrumpieron en la subestaci\u00f3n y manipularon la llave. Gracias a Dios no ocurri\u00f3 una desgracia ni males mayores. Y ya nosotros, luego de pocos d\u00edas, le entregamos las instalaciones totalmente recuperadas y operativas\u201d.<\/p>\n\n\n\n<p>Ruegue Mart\u00ednez, director general de SAGAS, detall\u00f3 que, en esta, la primera estaci\u00f3n entregada del a\u00f1o 2025, el equipo del SAGAS realiz\u00f3 un mantenimiento de tipo convencional a toda la instalaci\u00f3n. \u201cReemplazamos las v\u00e1lvulas y tambi\u00e9n se arregl\u00f3 el man\u00f3metro. Adicionalmente, desmalezamos y limpiamos las \u00e1reas operativas e instalamos 17 metros c\u00fabicos de concreto para el suelo y la caminar\u00eda, ya que esa subestaci\u00f3n estaba pr\u00e1cticamente a la intemperie\u201d.<\/p>\n\n\n\n<figure class=\"wp-block-image size-large\"><img decoding=\"async\" width=\"1024\" height=\"576\" src=\"https:\/\/entretormentas.com\/wp-content\/uploads\/2025\/01\/image-403-1024x576.png\" alt=\"\" class=\"wp-image-12729\" srcset=\"https:\/\/entretormentas.com\/wp-content\/uploads\/2025\/01\/image-403-1024x576.png 1024w, https:\/\/entretormentas.com\/wp-content\/uploads\/2025\/01\/image-403-300x169.png 300w, https:\/\/entretormentas.com\/wp-content\/uploads\/2025\/01\/image-403-768x432.png 768w, https:\/\/entretormentas.com\/wp-content\/uploads\/2025\/01\/image-403.png 1280w\" sizes=\"(max-width: 1024px) 100vw, 1024px\" \/><\/figure>\n\n\n\n<p>Jorge Molero, obrero de 45 a\u00f1os y residente del sector Hato, escondido desde hace 33 a\u00f1os, calific\u00f3 la atenci\u00f3n de SAGAS como \u201ceficiente y r\u00e1pida\u00bb. \u00abEn tres d\u00edas yo ya ten\u00eda gas en mi casa. Por eso estoy tan muy sorprendido por la rapidez y agradecido porque evitaron que lo que ocurri\u00f3 en diciembre no generara ning\u00fan problema ni ninguna consecuencia\u201d.<\/p>\n\n\n\n<p>Por su parte, Jeisimar Villalobos, joven de 18 a\u00f1os que atiende un negocio ubicado frente a la subestaci\u00f3n, coment\u00f3: \u201cS\u00ed, el negocio se vio afectado, pero en menos de una semana vinieron y nos resolvieron. Y el lunes despu\u00e9s del accidente vino para ac\u00e1 el personal de la Alcald\u00eda y conversaron con los negocios y vecinos sobre lo sucedido. Fueron muy atentos con nosotros y nos explicaron qu\u00e9 es lo que deb\u00edamos hacer y a qu\u00e9 n\u00famero llamar en caso de una emergencia con la estaci\u00f3n\u201d.<br><strong><em>ET \/ DCI Alcald\u00eda de Maracaibo<\/em><\/strong><\/p>\n","protected":false},"excerpt":{"rendered":"<p>ENTRE TORMENTAS. \u00a1Primera estaci\u00f3n de gas del 2025 lista! La Alcald\u00eda de Maracaibo, a trav\u00e9s&#8230;<\/p>\n","protected":false},"author":2,"featured_media":12727,"comment_status":"closed","ping_status":"open","sticky":false,"template":"","format":"standard","meta":{"footnotes":""},"categories":[57,1],"tags":[],"class_list":["post-12726","post","type-post","status-publish","format-standard","has-post-thumbnail","hentry","category-actualidad","category-regionales"],"_links":{"self":[{"href":"https:\/\/entretormentas.com\/index.php?rest_route=\/wp\/v2\/posts\/12726","targetHints":{"allow":["GET"]}}],"collection":[{"href":"https:\/\/entretormentas.com\/index.php?rest_route=\/wp\/v2\/posts"}],"about":[{"href":"https:\/\/entretormentas.com\/index.php?rest_route=\/wp\/v2\/types\/post"}],"author":[{"embeddable":true,"href":"https:\/\/entretormentas.com\/index.php?rest_route=\/wp\/v2\/users\/2"}],"replies":[{"embeddable":true,"href":"https:\/\/entretormentas.com\/index.php?rest_route=%2Fwp%2Fv2%2Fcomments&post=12726"}],"version-history":[{"count":1,"href":"https:\/\/entretormentas.com\/index.php?rest_route=\/wp\/v2\/posts\/12726\/revisions"}],"predecessor-version":[{"id":12730,"href":"https:\/\/entretormentas.com\/index.php?rest_route=\/wp\/v2\/posts\/12726\/revisions\/12730"}],"wp:featuredmedia":[{"embeddable":true,"href":"https:\/\/entretormentas.com\/index.php?rest_route=\/wp\/v2\/media\/12727"}],"wp:attachment":[{"href":"https:\/\/entretormentas.com\/index.php?rest_route=%2Fwp%2Fv2%2Fmedia&parent=12726"}],"wp:term":[{"taxonomy":"category","embeddable":true,"href":"https:\/\/entretormentas.com\/index.php?rest_route=%2Fwp%2Fv2%2Fcategories&post=12726"},{"taxonomy":"post_tag","embeddable":true,"href":"https:\/\/entretormentas.com\/index.php?rest_route=%2Fwp%2Fv2%2Ftags&post=12726"}],"curies":[{"name":"wp","href":"https:\/\/api.w.org\/{rel}","templated":true}]}}