{"id":12731,"date":"2025-01-24T08:57:09","date_gmt":"2025-01-24T07:57:09","guid":{"rendered":"https:\/\/entretormentas.com\/?p=12731"},"modified":"2025-01-24T08:57:09","modified_gmt":"2025-01-24T07:57:09","slug":"rosales-san-francisco-es-una-de-las-ciudades-mas-importantes-de-venezuela-y-del-zulia","status":"publish","type":"post","link":"https:\/\/entretormentas.com\/rosales-san-francisco-es-una-de-las-ciudades-mas-importantes-de-venezuela-y-del-zulia\/","title":{"rendered":"ROSALES: \u201cSan Francisco es una de las ciudades m\u00e1s importantes de Venezuela y del Zulia"},"content":{"rendered":"\n<p><strong>ENTRE TORMENTAS. <\/strong>El gobernador Manuel Rosales Guerrero particip\u00f3 la tarde noche de este mi\u00e9rcoles 22 de enero en los actos programados con motivo del XXX aniversario de la creaci\u00f3n del municipio San Francisco. Estos actos incluyeron una solemne eucarist\u00eda en la Iglesia Sant\u00edsimo Cristo y una ofrenda floral en la Plaza Bol\u00edvar de San Francisco, donde, adem\u00e1s, se llev\u00f3 a cabo una solemnidad para conmemorar esta significativa fecha.<\/p>\n\n\n\n<p>Rosales envi\u00f3 un caluroso y afectivo saludo a los habitantes del municipio San Francisco y a todo el pueblo del Zulia en esta importante celebraci\u00f3n que marca una pauta en lo que significa la lucha, los sue\u00f1os y la esperanza de un colectivo, gente de trabajo y de lucha permanente .<\/p>\n\n\n\n<p>El Gobernador del Zulia destac\u00f3 la importancia de buscar las ra\u00edces, auscultar en un breve recorrido la historia, los pasajes y el tejido de estos objetivos que culminan siendo la concreci\u00f3n de estos municipios y de poblaciones como es hoy San Francisco. \u00abNo es solo la celebraci\u00f3n de 30 a\u00f1os, ni la creaci\u00f3n de una entidad pol\u00edtica y administrativa. No es hurgar, pasar la p\u00e1gina y buscar all\u00e1, en el tiempo remoto de d\u00f3nde venimos\u00bb.<\/p>\n\n\n\n<figure class=\"wp-block-image size-large\"><img fetchpriority=\"high\" decoding=\"async\" width=\"1024\" height=\"682\" src=\"https:\/\/entretormentas.com\/wp-content\/uploads\/2025\/01\/image-405-1024x682.png\" alt=\"\" class=\"wp-image-12733\" srcset=\"https:\/\/entretormentas.com\/wp-content\/uploads\/2025\/01\/image-405-1024x682.png 1024w, https:\/\/entretormentas.com\/wp-content\/uploads\/2025\/01\/image-405-300x200.png 300w, https:\/\/entretormentas.com\/wp-content\/uploads\/2025\/01\/image-405-768x512.png 768w, https:\/\/entretormentas.com\/wp-content\/uploads\/2025\/01\/image-405-1536x1024.png 1536w, https:\/\/entretormentas.com\/wp-content\/uploads\/2025\/01\/image-405-2048x1365.png 2048w\" sizes=\"(max-width: 1024px) 100vw, 1024px\" \/><\/figure>\n\n\n\n<p>Apunt\u00f3 que lo primero que debemos recordar es que San Francisco era un hato inmenso, una tierra amplia, esplendorosa, construida por pobladores que empezaban su vida a las orillas de este hermoso Lago. \u00abEn este acto, en esta inmensidad de tierra, hab\u00eda un punto que se conoc\u00eda como San Francisco, el Hato San Francisco, donde hab\u00eda un punto de agua dulce y su due\u00f1o, un hombre bondadoso repart\u00eda el vital l\u00edquido por la comarca, de manera gratuita\u00bb.<\/p>\n\n\n\n<p>Se\u00f1al\u00f3 Rosales que as\u00ed transcurri\u00f3 el tiempo y en el cruce de esa intimidad generosa de ese hombre, en las ideas y el apostolado de los representantes de la Iglesia y de Dios en la tierra se fue construyendo el nombre de San Francisco.<\/p>\n\n\n\n<p>Record\u00f3 que en 1981 se siembra, por primera vez, ese nombre: San Francisco, para esta poblaci\u00f3n. \u00abAll\u00ed empez\u00f3 esa historia que se levanta y se empina en 1995, cuando la antigua Asamblea Legislativa del estado Zulia decreta la Ley de Divisi\u00f3n Pol\u00edtico Territorial y crea este municipio. Antes la expresi\u00f3n hacia San Francisco, era decir que era un barrio de Maracaibo. Muchos de los que legislamos, que nos propusimos crear este municipio lo hicimos con la convicci\u00f3n de que San Francisco ten\u00eda que convertirse en una de las ciudades m\u00e1s importantes de este estado y de toda Venezuela \u00ab.<\/p>\n\n\n\n<p>Destac\u00f3 que as\u00ed ha crecido San Francisco, con gente, sobre todo pintada en la humildad, en la solidaridad y en la fe expresada por el Padre V\u00edlchez y que hoy se extiende de la mano del presb\u00edtero Leonardo L\u00f3pez, quien, como el Padre V\u00edlchez le pone amor, irradia la fe, como el Padre Loria y el Padre Carlos, porque la fe es la mejor expresi\u00f3n de cualquier lucha, esperanza y sue\u00f1o. \u00abEse es el pasaje hist\u00f3rico importante que recordar: que aqu\u00ed, en esta Plaza, donde se repart\u00eda agua dulce, naci\u00f3 San Francisco\u00bb.<\/p>\n\n\n\n<p>Recalc\u00f3 que, haciendo largas pinceladas sobre los tiempos actuales y rememor\u00f3 que, reci\u00e9n electo de nuevo Gobernador, vino a Los Cortijos a devolverle a sus propietarios dos poderosas empresas agroalimentarias que hab\u00edan sido expropiadas, destru\u00eddas; que eran generadoras de progreso, empleo y prosperidad para San Francisco. \u00abSe las devolv\u00ed en el convencimiento, como siempre ha sido, de que uno de los valores es el respeto a la propiedad privada, como valor fundamental en la uni\u00f3n, en la comuni\u00f3n que tiene que existir entre los sectores privado y p\u00fablico. Ning\u00fan pueblo o municipio, estado o pa\u00eds sale adelante si no es en la comuni\u00f3n y el esfuerzo de ambos sectores\u00bb.<\/p>\n\n\n\n<p>Afirm\u00f3 que all\u00ed inici\u00f3 el recorrido por barrios, urbanizaciones en el dise\u00f1o de su programa social, en la construcci\u00f3n de otras que se extiende en todas las parroquias de San Francisco y del Zulia entero. \u00abY llegamos a lo que se conoce como la Zona Empresarial, esa \u00e1rea de varias hect\u00e1reas que se vino deteriorando en el tiempo, con la cual tenemos un gran compromiso, tanto la Alcald\u00eda de Maracaibo como la de San Francisco y la Gobernaci\u00f3n, de sacar a flote esa importante zona generadora de empleo, prosperidad y progreso \u00ab.<\/p>\n\n\n\n<figure class=\"wp-block-image size-large\"><img decoding=\"async\" width=\"1024\" height=\"682\" src=\"https:\/\/entretormentas.com\/wp-content\/uploads\/2025\/01\/image-406-1024x682.png\" alt=\"\" class=\"wp-image-12734\" srcset=\"https:\/\/entretormentas.com\/wp-content\/uploads\/2025\/01\/image-406-1024x682.png 1024w, https:\/\/entretormentas.com\/wp-content\/uploads\/2025\/01\/image-406-300x200.png 300w, https:\/\/entretormentas.com\/wp-content\/uploads\/2025\/01\/image-406-768x512.png 768w, https:\/\/entretormentas.com\/wp-content\/uploads\/2025\/01\/image-406-1536x1024.png 1536w, https:\/\/entretormentas.com\/wp-content\/uploads\/2025\/01\/image-406-2048x1365.png 2048w\" sizes=\"(max-width: 1024px) 100vw, 1024px\" \/><\/figure>\n\n\n\n<p>Sostuvo que ese es el af\u00e1n que se cruza con lo que hemos definido como el Zulia Productivo, \u00abque se une a nuestro Programa y Plan de desarrollo social y econ\u00f3mico, se une al trazado, la l\u00ednea fundamental como convicci\u00f3n para lograr que nuestra regi\u00f3n volviera a ser la m\u00e1s importante de Venezuela. Ese es el trabajo que nos convoca y alimenta, que nos inspira todos los d\u00edas. Y as\u00ed como hoy hemos venido a la celebraci\u00f3n del trig\u00e9simo aniversario de San Francisco, en los pr\u00f3ximos d\u00edas vendr\u00e9 a inaugurar el Centro Cl\u00ednico Ambulatorio de El Silencio que se une al trabajo que hemos hecho en el Hospital General del Sur \u00ab.<\/p>\n\n\n\n<p>Para concluir, Rosales destac\u00f3 que inspirado por nuestros antepasados y la historia, \u00abcon el compromiso hoy arraigado de nuestro trajinar diario, en el presente estamos convencidos que vamos por buen camino y vamos a lograr, no solo que San Francisco florezca, sino que el Zulia sea una regi\u00f3n de prosperidad y desarrollo. Se\u00f1alo con mucha convicci\u00f3n que atr\u00e1s qued\u00f3 el tiempo malo, la oscuridad, lo que no se debe hablar ni repetir. Hoy, como luz de esperanza este municipio lo dirige Gustavo Fern\u00e1ndez, quien ha logrado levantar, elevar, no solo la moral y la dignidad, sino la expresi\u00f3n de desarrollo del municipio San Francisco\u00bb.<br><strong><em>ET \/ Nota de Prensa<\/em><\/strong><\/p>\n\n\n\n<p><\/p>\n","protected":false},"excerpt":{"rendered":"<p>ENTRE TORMENTAS. El gobernador Manuel Rosales Guerrero particip\u00f3 la tarde noche de este mi\u00e9rcoles 22&#8230;<\/p>\n","protected":false},"author":2,"featured_media":12732,"comment_status":"closed","ping_status":"open","sticky":false,"template":"","format":"standard","meta":{"footnotes":""},"categories":[57,1],"tags":[],"class_list":["post-12731","post","type-post","status-publish","format-standard","has-post-thumbnail","hentry","category-actualidad","category-regionales"],"_links":{"self":[{"href":"https:\/\/entretormentas.com\/index.php?rest_route=\/wp\/v2\/posts\/12731","targetHints":{"allow":["GET"]}}],"collection":[{"href":"https:\/\/entretormentas.com\/index.php?rest_route=\/wp\/v2\/posts"}],"about":[{"href":"https:\/\/entretormentas.com\/index.php?rest_route=\/wp\/v2\/types\/post"}],"author":[{"embeddable":true,"href":"https:\/\/entretormentas.com\/index.php?rest_route=\/wp\/v2\/users\/2"}],"replies":[{"embeddable":true,"href":"https:\/\/entretormentas.com\/index.php?rest_route=%2Fwp%2Fv2%2Fcomments&post=12731"}],"version-history":[{"count":1,"href":"https:\/\/entretormentas.com\/index.php?rest_route=\/wp\/v2\/posts\/12731\/revisions"}],"predecessor-version":[{"id":12735,"href":"https:\/\/entretormentas.com\/index.php?rest_route=\/wp\/v2\/posts\/12731\/revisions\/12735"}],"wp:featuredmedia":[{"embeddable":true,"href":"https:\/\/entretormentas.com\/index.php?rest_route=\/wp\/v2\/media\/12732"}],"wp:attachment":[{"href":"https:\/\/entretormentas.com\/index.php?rest_route=%2Fwp%2Fv2%2Fmedia&parent=12731"}],"wp:term":[{"taxonomy":"category","embeddable":true,"href":"https:\/\/entretormentas.com\/index.php?rest_route=%2Fwp%2Fv2%2Fcategories&post=12731"},{"taxonomy":"post_tag","embeddable":true,"href":"https:\/\/entretormentas.com\/index.php?rest_route=%2Fwp%2Fv2%2Ftags&post=12731"}],"curies":[{"name":"wp","href":"https:\/\/api.w.org\/{rel}","templated":true}]}}