{"id":12742,"date":"2025-01-24T09:05:38","date_gmt":"2025-01-24T08:05:38","guid":{"rendered":"https:\/\/entretormentas.com\/?p=12742"},"modified":"2025-01-24T09:05:39","modified_gmt":"2025-01-24T08:05:39","slug":"conflicto-armado-suben-a-mas-de-42-mil-los-desplazados-y-a-41-los-muertos-por-crisis-en-catatumbo","status":"publish","type":"post","link":"https:\/\/entretormentas.com\/conflicto-armado-suben-a-mas-de-42-mil-los-desplazados-y-a-41-los-muertos-por-crisis-en-catatumbo\/","title":{"rendered":"\u00a1CONFLICTO ARMADO! Suben a m\u00e1s de 42 mil los desplazados y a 41 los muertos por crisis en Catatumbo"},"content":{"rendered":"\n<p><strong>ENTRE TORMENTAS. <\/strong>Los enfrentamientos entre el Ej\u00e9rcito de Liberaci\u00f3n Nacional (ELN) y el Frente 33, una disidencia de las extintas Fuerzas Armadas Revolucionarias de Colombia (FARC), han dejado en la regi\u00f3n colombiana del Catatumbo m\u00e1s de 42 mil desplazados, seg\u00fan informara este jueves la Defensora del Pueblo de Colombia, Iris Mar\u00edn, al referir datos del Comit\u00e9 Territorial de Justicia Transicional.<\/p>\n\n\n\n<p>En un reporte presentado a inicios de la jornada, Mar\u00edn notific\u00f3 que desde el pasado jueves, cuando se iniciaron los combates, m\u00e1s de 15 mil personas han recalado en la ciudad de C\u00facuta, capital del departamento de Norte de Santander, donde se habilit\u00f3 el estadio municipal como centro de atenci\u00f3n a las v\u00edctimas.<\/p>\n\n\n\n<p>La funcionaria apunt\u00f3 asimismo que Oca\u00f1a ha recibido a m\u00e1s de 11 mil desplazados, al tiempo que otros cinco mil arribaron a Tib\u00fa. Mientras, el presidente de Venezuela, Nicol\u00e1s Maduro, solicit\u00f3 a su Gobierno que continuara la \u00abcoordinaci\u00f3n\u00bb para brindar asistencia humanitaria a los residentes del Catatumbo que cruzan la frontera huyendo de la violencia.<\/p>\n\n\n\n<figure class=\"wp-block-image size-large\"><img fetchpriority=\"high\" decoding=\"async\" width=\"1024\" height=\"768\" src=\"https:\/\/entretormentas.com\/wp-content\/uploads\/2025\/01\/image-410-1024x768.png\" alt=\"\" class=\"wp-image-12744\" srcset=\"https:\/\/entretormentas.com\/wp-content\/uploads\/2025\/01\/image-410-1024x768.png 1024w, https:\/\/entretormentas.com\/wp-content\/uploads\/2025\/01\/image-410-300x225.png 300w, https:\/\/entretormentas.com\/wp-content\/uploads\/2025\/01\/image-410-768x576.png 768w, https:\/\/entretormentas.com\/wp-content\/uploads\/2025\/01\/image-410.png 1280w\" sizes=\"(max-width: 1024px) 100vw, 1024px\" \/><\/figure>\n\n\n\n<p>Con respecto a los decesos, el Instituto Nacional de Medicina Legal y Ciencias Forenses confirm\u00f3 que ha recibido 41 cad\u00e1veres procedentes de la zona del conflicto, de los cuales se han identificado 39 y 32 ya se entregaron a los familiares. De ese total, seg\u00fan Mar\u00edn, cinco hab\u00edan sido firmantes de los acuerdos de paz de 2016.<\/p>\n\n\n\n<p>Extraoficialmente, las autoridades estiman que han fallecido unas 100 personas. La diferencia vendr\u00eda dada por las dificultades para acceder a los parajes en los que han tenido lugar los enfrentamientos, reporta El Tiempo.<\/p>\n\n\n\n<p>En cuanto al apoyo a los desplazados, la Unidad de Atenci\u00f3n a las V\u00edctimas del conflicto armado ha distribuido cerca de 60 toneladas de ayuda humanitaria, que se suman a las donaciones de alimentos, ropa y otros insumos b\u00e1sicos provistos por la ciudadan\u00eda y acopiados por el Ej\u00e9rcito, y a las jornadas de salud de la Cruz Roja.<\/p>\n\n\n\n<p><strong>MEDIDAS GUBERNAMENTALES<\/strong><br>En paralelo, el ministro de Interior, Juan Fernando Cristo, arrib\u00f3 a Oca\u00f1a para dirigir un gabinete de seguridad con las autoridades regionales, en inter\u00e9s de definir los cursos de acci\u00f3n del Estado durante los d\u00edas que est\u00e1n por venir.<\/p>\n\n\n\n<p>Al cierre de la reuni\u00f3n, el ministro resumi\u00f3 los acuerdos. En primer lugar, aludi\u00f3 a la \u00abestabilizaci\u00f3n inmediata\u00bb, cuyo objetivo es restablecer la seguridad en la zona \u00aben los pr\u00f3ximos d\u00edas, para que la poblaci\u00f3n con arraigo en el Catatumbo pueda retornar a sus hogares\u00bb.<br><strong><em>ET \/ Agencias<\/em><\/strong><\/p>\n\n\n\n<p><\/p>\n","protected":false},"excerpt":{"rendered":"<p>ENTRE TORMENTAS. Los enfrentamientos entre el Ej\u00e9rcito de Liberaci\u00f3n Nacional (ELN) y el Frente 33,&#8230;<\/p>\n","protected":false},"author":2,"featured_media":12743,"comment_status":"closed","ping_status":"open","sticky":false,"template":"","format":"standard","meta":{"footnotes":""},"categories":[56,48],"tags":[],"class_list":["post-12742","post","type-post","status-publish","format-standard","has-post-thumbnail","hentry","category-destacadas","category-internacionales"],"_links":{"self":[{"href":"https:\/\/entretormentas.com\/index.php?rest_route=\/wp\/v2\/posts\/12742","targetHints":{"allow":["GET"]}}],"collection":[{"href":"https:\/\/entretormentas.com\/index.php?rest_route=\/wp\/v2\/posts"}],"about":[{"href":"https:\/\/entretormentas.com\/index.php?rest_route=\/wp\/v2\/types\/post"}],"author":[{"embeddable":true,"href":"https:\/\/entretormentas.com\/index.php?rest_route=\/wp\/v2\/users\/2"}],"replies":[{"embeddable":true,"href":"https:\/\/entretormentas.com\/index.php?rest_route=%2Fwp%2Fv2%2Fcomments&post=12742"}],"version-history":[{"count":1,"href":"https:\/\/entretormentas.com\/index.php?rest_route=\/wp\/v2\/posts\/12742\/revisions"}],"predecessor-version":[{"id":12745,"href":"https:\/\/entretormentas.com\/index.php?rest_route=\/wp\/v2\/posts\/12742\/revisions\/12745"}],"wp:featuredmedia":[{"embeddable":true,"href":"https:\/\/entretormentas.com\/index.php?rest_route=\/wp\/v2\/media\/12743"}],"wp:attachment":[{"href":"https:\/\/entretormentas.com\/index.php?rest_route=%2Fwp%2Fv2%2Fmedia&parent=12742"}],"wp:term":[{"taxonomy":"category","embeddable":true,"href":"https:\/\/entretormentas.com\/index.php?rest_route=%2Fwp%2Fv2%2Fcategories&post=12742"},{"taxonomy":"post_tag","embeddable":true,"href":"https:\/\/entretormentas.com\/index.php?rest_route=%2Fwp%2Fv2%2Ftags&post=12742"}],"curies":[{"name":"wp","href":"https:\/\/api.w.org\/{rel}","templated":true}]}}