{"id":12749,"date":"2025-01-24T09:12:36","date_gmt":"2025-01-24T08:12:36","guid":{"rendered":"https:\/\/entretormentas.com\/?p=12749"},"modified":"2025-01-24T09:12:37","modified_gmt":"2025-01-24T08:12:37","slug":"acudiran-a-la-cpi-chile-sospecha-que-un-alto-funcionario-venezolano-esta-detras-del-asesinato-de-ronald-ojeda","status":"publish","type":"post","link":"https:\/\/entretormentas.com\/acudiran-a-la-cpi-chile-sospecha-que-un-alto-funcionario-venezolano-esta-detras-del-asesinato-de-ronald-ojeda\/","title":{"rendered":"\u00a1ACUDIR\u00c1N A LA CPI! Chile sospecha que un alto funcionario venezolano esta detras del asesinato de Ronald Ojeda"},"content":{"rendered":"\n<p><strong>ENTRE TORMENTAS. <\/strong>Carolina Toh\u00e1, ministra de Interior de Chile, manifest\u00f3 la ma\u00f1ana de este jueves 23 de enero, que acudir\u00e1n a la Corte Penal Internacional (CPI), si logran demostrar que un alto funcionario del gobierno venezolano fue el autor intelectual del secuestro y asesinato del exteniente venezolano, Ronald Ojeda en Chile. \u201cHoy en la ma\u00f1ana el fiscal nacional, ha confirmado que hay antecedentes sustantivos en la investigaci\u00f3n que generan esta vinculaci\u00f3n con este delito horrendo, dando instrucciones, mandatos y hechos desde autoridades de Venezuela\u201d.<\/p>\n\n\n\n<p>\u00abSi esta investigaci\u00f3n contin\u00faa confirmando esos elementos, ciertamente va a haber muchas definiciones que tomar. El Estado de Chile no va a dejar pasar este elemento sin tomar actitudes. Lo consideramos de una enorme gravedad si termina confirmado. Y vamos a evaluar todos los elementos, no vamos a descartar ninguno, porque es una definici\u00f3n que hay que tomar cuando los antecedentes est\u00e9n completos. Sin embargo, hay cosas evidentes que har\u00edamos una vez que esto tenga una confirmaci\u00f3n, que es recurrir al Tribunal Penal Internacional\u00bb, precis\u00f3.<\/p>\n\n\n\n<p>\u00abEs una investigaci\u00f3n que est\u00e1 en desarrollo, ciertamente tenemos que esperar que concluya para dar por definitivos estos antecedentes, pero son antecedentes relevantes y reiterados, y los tomamos con toda su gravedad\u00bb, dijo Toh\u00e1 a periodistas.<\/p>\n\n\n\n<p>La ministra tambi\u00e9n destac\u00f3 que el estado de Chile ha mostrado, en el trascurso de la investigaci\u00f3n, lo persistentes y lo serio que son al tratar estos temas para hacer que funcione la justicia a pesar de tantos obst\u00e1culos que se han presentado en este hecho.<\/p>\n\n\n\n<figure class=\"wp-block-image size-full\"><img fetchpriority=\"high\" decoding=\"async\" width=\"1017\" height=\"543\" src=\"https:\/\/entretormentas.com\/wp-content\/uploads\/2025\/01\/image-413.png\" alt=\"\" class=\"wp-image-12751\" srcset=\"https:\/\/entretormentas.com\/wp-content\/uploads\/2025\/01\/image-413.png 1017w, https:\/\/entretormentas.com\/wp-content\/uploads\/2025\/01\/image-413-300x160.png 300w, https:\/\/entretormentas.com\/wp-content\/uploads\/2025\/01\/image-413-768x410.png 768w\" sizes=\"(max-width: 1017px) 100vw, 1017px\" \/><\/figure>\n\n\n\n<p>El fiscal nacional de Chile, \u00c1ngel Valencia, confirm\u00f3 que tres testigos interrogados por el caso del secuestro y asesinato del teniente retirado venezolano Ronald Ojeda en Chile, apuntan que el alto funcionario del gobierno venezolano, habr\u00eda encargado el crimen.<\/p>\n\n\n\n<p>\u00abHay antecedentes muy s\u00f3lidos en la carpeta de investigaci\u00f3n para entender que este es un secuestro con homicidio por encargo, con motivaciones pol\u00edticas\u00bb, dijo.<\/p>\n\n\n\n<p>\u00abEse antecedente es uno de los que tiene que esclarecerse en la investigaci\u00f3n, tenga el cargo que tenga, vamos a hacer cumplir la ley chilena\u00bb, explic\u00f3 que la tesis que el fiscal H\u00e9ctor Barros, a cargo de la investigaci\u00f3n, ha mantenido desde las primeras etapas de la indagatoria la vinculaci\u00f3n con el alto funcionario.<br><strong><em>ET \/ Agencias<\/em><\/strong><\/p>\n","protected":false},"excerpt":{"rendered":"<p>ENTRE TORMENTAS. Carolina Toh\u00e1, ministra de Interior de Chile, manifest\u00f3 la ma\u00f1ana de este jueves&#8230;<\/p>\n","protected":false},"author":2,"featured_media":12750,"comment_status":"closed","ping_status":"open","sticky":false,"template":"","format":"standard","meta":{"footnotes":""},"categories":[56,48],"tags":[],"class_list":["post-12749","post","type-post","status-publish","format-standard","has-post-thumbnail","hentry","category-destacadas","category-internacionales"],"_links":{"self":[{"href":"https:\/\/entretormentas.com\/index.php?rest_route=\/wp\/v2\/posts\/12749","targetHints":{"allow":["GET"]}}],"collection":[{"href":"https:\/\/entretormentas.com\/index.php?rest_route=\/wp\/v2\/posts"}],"about":[{"href":"https:\/\/entretormentas.com\/index.php?rest_route=\/wp\/v2\/types\/post"}],"author":[{"embeddable":true,"href":"https:\/\/entretormentas.com\/index.php?rest_route=\/wp\/v2\/users\/2"}],"replies":[{"embeddable":true,"href":"https:\/\/entretormentas.com\/index.php?rest_route=%2Fwp%2Fv2%2Fcomments&post=12749"}],"version-history":[{"count":1,"href":"https:\/\/entretormentas.com\/index.php?rest_route=\/wp\/v2\/posts\/12749\/revisions"}],"predecessor-version":[{"id":12752,"href":"https:\/\/entretormentas.com\/index.php?rest_route=\/wp\/v2\/posts\/12749\/revisions\/12752"}],"wp:featuredmedia":[{"embeddable":true,"href":"https:\/\/entretormentas.com\/index.php?rest_route=\/wp\/v2\/media\/12750"}],"wp:attachment":[{"href":"https:\/\/entretormentas.com\/index.php?rest_route=%2Fwp%2Fv2%2Fmedia&parent=12749"}],"wp:term":[{"taxonomy":"category","embeddable":true,"href":"https:\/\/entretormentas.com\/index.php?rest_route=%2Fwp%2Fv2%2Fcategories&post=12749"},{"taxonomy":"post_tag","embeddable":true,"href":"https:\/\/entretormentas.com\/index.php?rest_route=%2Fwp%2Fv2%2Ftags&post=12749"}],"curies":[{"name":"wp","href":"https:\/\/api.w.org\/{rel}","templated":true}]}}