{"id":12754,"date":"2025-01-26T15:39:03","date_gmt":"2025-01-26T14:39:03","guid":{"rendered":"https:\/\/entretormentas.com\/?p=12754"},"modified":"2025-01-26T15:39:04","modified_gmt":"2025-01-26T14:39:04","slug":"hay-chance-escuelas-culturales-de-la-alcaldia-de-maracaibo-mantiene-inscripciones-hasta-el-31-e","status":"publish","type":"post","link":"https:\/\/entretormentas.com\/hay-chance-escuelas-culturales-de-la-alcaldia-de-maracaibo-mantiene-inscripciones-hasta-el-31-e\/","title":{"rendered":"\u00a1HAY CHANCE! Escuelas Culturales de la Alcald\u00eda de Maracaibo mantiene inscripciones hasta el 31-E"},"content":{"rendered":"\n<p><strong>ENTRE TORMENTAS. <\/strong>La Alcald\u00eda de Maracaibo, a trav\u00e9s de la Direcci\u00f3n de Cultura, informa que desde el 15 hasta el pr\u00f3ximo 31 de enero se realizar\u00e1n las inscripciones para los interesados en formar parte de las Escuelas Culturales Municipales.<\/p>\n\n\n\n<p>Malena Soto, directora de Cultura, record\u00f3 que las escuelas brindan una oportunidad para el aprendizaje art\u00edstico y cultural, fomentando la participaci\u00f3n de ni\u00f1os, j\u00f3venes y adultos a las diversas disciplinas que se ofrecen.<\/p>\n\n\n\n<p>\u201cEstas escuelas representan una oportunidad excepcional para aquellos que buscan desarrollar su creatividad y talento en distintas \u00e1reas art\u00edsticas. Las escuelas culturales municipales promueven el desarrollo del talento local y estimulan la participaci\u00f3n activa en diversas actividades art\u00edsticas y culturales dentro del municipio\u201d, mencion\u00f3.<\/p>\n\n\n\n<figure class=\"wp-block-image size-large\"><img fetchpriority=\"high\" decoding=\"async\" width=\"1024\" height=\"768\" src=\"https:\/\/entretormentas.com\/wp-content\/uploads\/2025\/01\/image-415-1024x768.png\" alt=\"\" class=\"wp-image-12756\" srcset=\"https:\/\/entretormentas.com\/wp-content\/uploads\/2025\/01\/image-415-1024x768.png 1024w, https:\/\/entretormentas.com\/wp-content\/uploads\/2025\/01\/image-415-300x225.png 300w, https:\/\/entretormentas.com\/wp-content\/uploads\/2025\/01\/image-415-768x576.png 768w, https:\/\/entretormentas.com\/wp-content\/uploads\/2025\/01\/image-415.png 1280w\" sizes=\"(max-width: 1024px) 100vw, 1024px\" \/><\/figure>\n\n\n\n<p>Soto hizo \u00e9nfasis en el llamado a no dejar pasar esta iniciativa dise\u00f1ada para fomentar la cultura en Maracaibo y proporcionar un ambiente propicio para el crecimiento y la expresi\u00f3n creativa en la casa grande.<\/p>\n\n\n\n<p><strong>La Direcci\u00f3n de Cultura extiende una cordial invitaci\u00f3n a toda la comunidad a participar en sus actividades y formar parte de un entorno cultural enriquecedor y lleno de creatividad.<\/strong><\/p>\n\n\n\n<p><strong>Para aquellos interesados pueden dirigirse a las siguientes direcciones:<\/strong><\/p>\n\n\n\n<ul class=\"wp-block-list\">\n<li>Escuela de Danzas Municipales: Danzas Nacionalistas est\u00e1n ubicada en los siguientes m\u00f3dulos:<\/li>\n\n\n\n<li>M\u00f3dulo Centro: Lugar: Museo Municipal de Artes Gr\u00e1ficas Luis Chac\u00f3n<\/li>\n\n\n\n<li>M\u00f3dulo Francisco Eugenio Bustamante: Lugar Centro de Participaci\u00f3n Ciudadana Oeste I<\/li>\n\n\n\n<li>M\u00f3dulo Caracciolo Parra P\u00e9rez: Lugar: Barrio Panamericano<\/li>\n\n\n\n<li>Escuela de Danzas Municipales: Danza Urbana. Los m\u00f3dulos disponibles son:<\/li>\n\n\n\n<li>M\u00f3dulo Almawyl: Lugar: BuenaNueva<\/li>\n\n\n\n<li>M\u00f3dulo Luis Hurtado Higuera: Lugar: Barrio Integraci\u00f3n Comunal<\/li>\n\n\n\n<li>M\u00f3dulo Antonio Borjas Romero: Lugar: Complejo Patria Joven<\/li>\n\n\n\n<li>Clases de Tejido: Soles y Tejido Crochet. Lugar: Museo de Artes Luis Chac\u00f3n<\/li>\n\n\n\n<li>Escuela Municipal de Teatro: Lugar: Museo de Artes Gr\u00e1ficas Luis Chac\u00f3n<\/li>\n\n\n\n<li>Coro Municipal (Adultos y Juvenil). Lugar: Museo de Artes Gr\u00e1ficas Luis Chac\u00f3n<\/li>\n\n\n\n<li>Kinder Musical para ni\u00f1os de 4 a 6 a\u00f1os. Lugar: Villa Carmen.<\/li>\n<\/ul>\n\n\n\n<p>Para mayor informaci\u00f3n, por favor comun\u00edcate al: 0412-4783266.<br><strong><em>ET \/ DCI Alcald\u00eda de Maracaibo<\/em><\/strong><\/p>\n\n\n\n<p><\/p>\n","protected":false},"excerpt":{"rendered":"<p>ENTRE TORMENTAS. La Alcald\u00eda de Maracaibo, a trav\u00e9s de la Direcci\u00f3n de Cultura, informa que&#8230;<\/p>\n","protected":false},"author":2,"featured_media":12755,"comment_status":"closed","ping_status":"open","sticky":false,"template":"","format":"standard","meta":{"footnotes":""},"categories":[1],"tags":[],"class_list":["post-12754","post","type-post","status-publish","format-standard","has-post-thumbnail","hentry","category-regionales"],"_links":{"self":[{"href":"https:\/\/entretormentas.com\/index.php?rest_route=\/wp\/v2\/posts\/12754","targetHints":{"allow":["GET"]}}],"collection":[{"href":"https:\/\/entretormentas.com\/index.php?rest_route=\/wp\/v2\/posts"}],"about":[{"href":"https:\/\/entretormentas.com\/index.php?rest_route=\/wp\/v2\/types\/post"}],"author":[{"embeddable":true,"href":"https:\/\/entretormentas.com\/index.php?rest_route=\/wp\/v2\/users\/2"}],"replies":[{"embeddable":true,"href":"https:\/\/entretormentas.com\/index.php?rest_route=%2Fwp%2Fv2%2Fcomments&post=12754"}],"version-history":[{"count":1,"href":"https:\/\/entretormentas.com\/index.php?rest_route=\/wp\/v2\/posts\/12754\/revisions"}],"predecessor-version":[{"id":12757,"href":"https:\/\/entretormentas.com\/index.php?rest_route=\/wp\/v2\/posts\/12754\/revisions\/12757"}],"wp:featuredmedia":[{"embeddable":true,"href":"https:\/\/entretormentas.com\/index.php?rest_route=\/wp\/v2\/media\/12755"}],"wp:attachment":[{"href":"https:\/\/entretormentas.com\/index.php?rest_route=%2Fwp%2Fv2%2Fmedia&parent=12754"}],"wp:term":[{"taxonomy":"category","embeddable":true,"href":"https:\/\/entretormentas.com\/index.php?rest_route=%2Fwp%2Fv2%2Fcategories&post=12754"},{"taxonomy":"post_tag","embeddable":true,"href":"https:\/\/entretormentas.com\/index.php?rest_route=%2Fwp%2Fv2%2Ftags&post=12754"}],"curies":[{"name":"wp","href":"https:\/\/api.w.org\/{rel}","templated":true}]}}