{"id":12758,"date":"2025-01-26T15:42:18","date_gmt":"2025-01-26T14:42:18","guid":{"rendered":"https:\/\/entretormentas.com\/?p=12758"},"modified":"2025-01-26T15:42:19","modified_gmt":"2025-01-26T14:42:19","slug":"preparados-casa-de-la-capitulacion-abre-sus-puertas-para-celebrar-semana-de-la-zulianidad","status":"publish","type":"post","link":"https:\/\/entretormentas.com\/preparados-casa-de-la-capitulacion-abre-sus-puertas-para-celebrar-semana-de-la-zulianidad\/","title":{"rendered":"\u00a1PREPARADOS! Casa de la Capitulaci\u00f3n abre sus puertas para celebrar semana de la Zulianidad"},"content":{"rendered":"\n<p><strong>ENTRE TORMENTAS. <\/strong>Y no es que est\u00e9n cerradas, pero la hist\u00f3rica casa que adorna el paisaje urbano del casco central de Maracaibo, abre sus puertas para recibir a los visitantes en la Semana de la Zulianidad con una novedosa propuesta: una capilla dentro de casa.<\/p>\n\n\n\n<p>La primicia la dio a conocer la directora de la Casa de la Capitulaci\u00f3n, Yanireth Flores, en el programa \u00abEn \u00c9xitos\u00bb con Laura Salazar, por el Circuito Uni\u00f3n Radio 89.7FM. \u00abEra oportuno que cont\u00e1ramos con una capilla ambientada para la \u00e9poca de la construcci\u00f3n que este 2025 cumple 275 a\u00f1os. Estar\u00e1 ubicada en la planta baja y ser\u00e1 inaugurada el 30 de enero\u00bb, dijo Flores, quien agreg\u00f3 que se programaron una serie de actividades para celebrar la Semana de la Zulianidad.<\/p>\n\n\n\n<p>La Casa de la Capitulaci\u00f3n es un lugar abierto al p\u00fablico y \u00abnosotros estamos a disposici\u00f3n de promover la historia, donde el gobernador del Zulia, Manuel Rosales, hace un trabajo impecable por mantener los espacios a fin de que todo visitante pueda llevarse una buena impresi\u00f3n\u00bb, acot\u00f3.<\/p>\n\n\n\n<p>Esta casa es la \u00fanica construcci\u00f3n de su \u00e9poca en Maracaibo, con su modesto estilo colonial del siglo XVIII y con un valor hist\u00f3rico muy importante, puesto que en su sala principal se firm\u00f3 el Acta de la Capitulaci\u00f3n del \u00faltimo Capit\u00e1n General espa\u00f1ol en Venezuela, Francisco Tom\u00e1s Morales, el 3 de agosto de 1823, despu\u00e9s de haber sido derrotadas las fuerzas espa\u00f1olas el 24 de julio de ese mismo a\u00f1o, en la Batalla Naval del Lago de Maracaibo.<\/p>\n\n\n\n<figure class=\"wp-block-image size-large\"><img fetchpriority=\"high\" decoding=\"async\" width=\"1024\" height=\"472\" src=\"https:\/\/entretormentas.com\/wp-content\/uploads\/2025\/01\/image-417-1024x472.png\" alt=\"\" class=\"wp-image-12760\" srcset=\"https:\/\/entretormentas.com\/wp-content\/uploads\/2025\/01\/image-417-1024x472.png 1024w, https:\/\/entretormentas.com\/wp-content\/uploads\/2025\/01\/image-417-300x138.png 300w, https:\/\/entretormentas.com\/wp-content\/uploads\/2025\/01\/image-417-768x354.png 768w, https:\/\/entretormentas.com\/wp-content\/uploads\/2025\/01\/image-417.png 1080w\" sizes=\"(max-width: 1024px) 100vw, 1024px\" \/><\/figure>\n\n\n\n<p>En el marco de la celebraci\u00f3n de la Semana de la Zulianidad, todo el personal de esta emblem\u00e1tica casa unen esfuerzo y entusiasmo para dar la bienvenida a propios y visitantes. \u00abNo estamos acostumbrados a visitar los museos, o las personas se imaginan que estos lugares son aburridos. Nosotros queremos que el visitante llegue y pueda imaginarse un escenario diferente, adem\u00e1s de conocer la historia, conocer el legado de los pr\u00f3ceres, tambi\u00e9n pueda disfrutar de un espacio acogedor para degustar un buen caf\u00e9\u00bb.<\/p>\n\n\n\n<p>Flores aprovech\u00f3 la oportunidad para invitar a los pr\u00f3ximos talleres preparados para la formaci\u00f3n de habilidades y conocimientos, como los cursos de cuatro, canto y dibujo, cuyas inscripciones ya est\u00e1n abiertas para las tardes de los mi\u00e9rcoles, jueves y viernes. En cuanto a las visitas de las escuelas pueden hacer las reservaciones por @casadelacapitulacion instagram y tiktok.&nbsp;<\/p>\n\n\n\n<p>Esta encantadora casa tambi\u00e9n puede contarles todos sus misterios y secretos a trav\u00e9s de su c\u00f3digo QR, gracias a la Inteligencia Artificial.&nbsp;<\/p>\n\n\n\n<p>Cada 28 de enero se celebra el D\u00eda de la Zulianidad por decreto del Gobernador del Zulia, Manuel Rosales, firmado en 2002, para enaltecer el gentilicio zuliano. El momento es propicio para visitar la Casa de la Capitulaci\u00f3n con toda la familia; hay un mont\u00f3n de gente amable dispuesta a darles la bienvenida.<br><strong><em>ET \/ Nota de Prensa<\/em><\/strong><\/p>\n","protected":false},"excerpt":{"rendered":"<p>ENTRE TORMENTAS. Y no es que est\u00e9n cerradas, pero la hist\u00f3rica casa que adorna el&#8230;<\/p>\n","protected":false},"author":2,"featured_media":12759,"comment_status":"closed","ping_status":"open","sticky":false,"template":"","format":"standard","meta":{"footnotes":""},"categories":[1],"tags":[],"class_list":["post-12758","post","type-post","status-publish","format-standard","has-post-thumbnail","hentry","category-regionales"],"_links":{"self":[{"href":"https:\/\/entretormentas.com\/index.php?rest_route=\/wp\/v2\/posts\/12758","targetHints":{"allow":["GET"]}}],"collection":[{"href":"https:\/\/entretormentas.com\/index.php?rest_route=\/wp\/v2\/posts"}],"about":[{"href":"https:\/\/entretormentas.com\/index.php?rest_route=\/wp\/v2\/types\/post"}],"author":[{"embeddable":true,"href":"https:\/\/entretormentas.com\/index.php?rest_route=\/wp\/v2\/users\/2"}],"replies":[{"embeddable":true,"href":"https:\/\/entretormentas.com\/index.php?rest_route=%2Fwp%2Fv2%2Fcomments&post=12758"}],"version-history":[{"count":1,"href":"https:\/\/entretormentas.com\/index.php?rest_route=\/wp\/v2\/posts\/12758\/revisions"}],"predecessor-version":[{"id":12761,"href":"https:\/\/entretormentas.com\/index.php?rest_route=\/wp\/v2\/posts\/12758\/revisions\/12761"}],"wp:featuredmedia":[{"embeddable":true,"href":"https:\/\/entretormentas.com\/index.php?rest_route=\/wp\/v2\/media\/12759"}],"wp:attachment":[{"href":"https:\/\/entretormentas.com\/index.php?rest_route=%2Fwp%2Fv2%2Fmedia&parent=12758"}],"wp:term":[{"taxonomy":"category","embeddable":true,"href":"https:\/\/entretormentas.com\/index.php?rest_route=%2Fwp%2Fv2%2Fcategories&post=12758"},{"taxonomy":"post_tag","embeddable":true,"href":"https:\/\/entretormentas.com\/index.php?rest_route=%2Fwp%2Fv2%2Ftags&post=12758"}],"curies":[{"name":"wp","href":"https:\/\/api.w.org\/{rel}","templated":true}]}}