{"id":12762,"date":"2025-01-26T15:45:18","date_gmt":"2025-01-26T14:45:18","guid":{"rendered":"https:\/\/entretormentas.com\/?p=12762"},"modified":"2025-01-26T15:45:19","modified_gmt":"2025-01-26T14:45:19","slug":"alcaldia-activa-ciclovia-del-sol-arranca-en-maracaibo-el-26e-con-las-modalidades-10k-y-14k","status":"publish","type":"post","link":"https:\/\/entretormentas.com\/alcaldia-activa-ciclovia-del-sol-arranca-en-maracaibo-el-26e-con-las-modalidades-10k-y-14k\/","title":{"rendered":"\u00a1ALCALD\u00cdA ACTIVA! Ciclov\u00eda del Sol arranca en Maracaibo el 26E con las modalidades 10K y 14K"},"content":{"rendered":"\n<p><strong>ENTRE TORMENTAS.<\/strong> La Ciclov\u00eda del Sol de la Alcald\u00eda de Maracaibo se retoma desde el domingo 26 de enero, ahora con dos rutas: 10 kil\u00f3metros y 14 kil\u00f3metros, que est\u00e1n a disposici\u00f3n de ciclistas, patinadores y corredores que deseen ejercitarse o recrearse en un horario comprendido de 5:00 a 9:00 de la ma\u00f1ana.<\/p>\n\n\n\n<p>Willington Argote, presidente del Instituto Municipal de Deportes y Recreaci\u00f3n (IMDEPREC), explic\u00f3 que la ruta de los 14K inicia en la Vereda del Lago y abarca las avenidas El Milagro Bella Vista, en sentido plaza El \u00c1ngel, Padilla hasta llegar nuevamente a Vereda; mientras que para los 10K deber\u00e1n recorrer Bella Vista y 5 de Julio.<\/p>\n\n\n\n<p>Argote indic\u00f3 que dispondr\u00e1n de tres puntos de hidrataci\u00f3n el primero en el \u00e1rea de la salida, en la Vereda del Lago, el segundo en la plaza El \u00c1ngel y el tercero en la intercepci\u00f3n de la avenida 5 de Julio con Bella Vista.<\/p>\n\n\n\n<figure class=\"wp-block-image size-large\"><img fetchpriority=\"high\" decoding=\"async\" width=\"1024\" height=\"576\" src=\"https:\/\/entretormentas.com\/wp-content\/uploads\/2025\/01\/image-419-1024x576.png\" alt=\"\" class=\"wp-image-12764\" srcset=\"https:\/\/entretormentas.com\/wp-content\/uploads\/2025\/01\/image-419-1024x576.png 1024w, https:\/\/entretormentas.com\/wp-content\/uploads\/2025\/01\/image-419-300x169.png 300w, https:\/\/entretormentas.com\/wp-content\/uploads\/2025\/01\/image-419-768x432.png 768w, https:\/\/entretormentas.com\/wp-content\/uploads\/2025\/01\/image-419.png 1280w\" sizes=\"(max-width: 1024px) 100vw, 1024px\" \/><\/figure>\n\n\n\n<p>\u201cEl llamado lo hacemos a todos los marabinos a qu\u00e9 participen en la ciclov\u00eda que es una oportunidad para recrearse y para que se activen a realizar actividad f\u00edsica\u201d, destac\u00f3 el presidente de IMDEPREC.<\/p>\n\n\n\n<p>Este despliegue, como en a\u00f1os anteriores, contar\u00e1 con la seguridad y el resguardo de los promotores de IMDEPREC, personal de la Direcci\u00f3n General de Seguridad Ciudadana, funcionarios de Polimaracaibo, Protecci\u00f3n Civil y Bomberos de Maracaibo.<\/p>\n\n\n\n<p>El IMDEPREC adem\u00e1s dispondr\u00e1 una tarima en la entrada sur (URU) del parque Vereda del Lago que contar\u00e1 con animaci\u00f3n desde el inicio de la actividad.<br><strong><em>ET \/ DCI Alcald\u00eda de Maracaibo<\/em><\/strong><\/p>\n","protected":false},"excerpt":{"rendered":"<p>ENTRE TORMENTAS. La Ciclov\u00eda del Sol de la Alcald\u00eda de Maracaibo se retoma desde el&#8230;<\/p>\n","protected":false},"author":2,"featured_media":12763,"comment_status":"closed","ping_status":"open","sticky":false,"template":"","format":"standard","meta":{"footnotes":""},"categories":[1],"tags":[],"class_list":["post-12762","post","type-post","status-publish","format-standard","has-post-thumbnail","hentry","category-regionales"],"_links":{"self":[{"href":"https:\/\/entretormentas.com\/index.php?rest_route=\/wp\/v2\/posts\/12762","targetHints":{"allow":["GET"]}}],"collection":[{"href":"https:\/\/entretormentas.com\/index.php?rest_route=\/wp\/v2\/posts"}],"about":[{"href":"https:\/\/entretormentas.com\/index.php?rest_route=\/wp\/v2\/types\/post"}],"author":[{"embeddable":true,"href":"https:\/\/entretormentas.com\/index.php?rest_route=\/wp\/v2\/users\/2"}],"replies":[{"embeddable":true,"href":"https:\/\/entretormentas.com\/index.php?rest_route=%2Fwp%2Fv2%2Fcomments&post=12762"}],"version-history":[{"count":1,"href":"https:\/\/entretormentas.com\/index.php?rest_route=\/wp\/v2\/posts\/12762\/revisions"}],"predecessor-version":[{"id":12765,"href":"https:\/\/entretormentas.com\/index.php?rest_route=\/wp\/v2\/posts\/12762\/revisions\/12765"}],"wp:featuredmedia":[{"embeddable":true,"href":"https:\/\/entretormentas.com\/index.php?rest_route=\/wp\/v2\/media\/12763"}],"wp:attachment":[{"href":"https:\/\/entretormentas.com\/index.php?rest_route=%2Fwp%2Fv2%2Fmedia&parent=12762"}],"wp:term":[{"taxonomy":"category","embeddable":true,"href":"https:\/\/entretormentas.com\/index.php?rest_route=%2Fwp%2Fv2%2Fcategories&post=12762"},{"taxonomy":"post_tag","embeddable":true,"href":"https:\/\/entretormentas.com\/index.php?rest_route=%2Fwp%2Fv2%2Ftags&post=12762"}],"curies":[{"name":"wp","href":"https:\/\/api.w.org\/{rel}","templated":true}]}}