{"id":12766,"date":"2025-01-26T15:48:49","date_gmt":"2025-01-26T14:48:49","guid":{"rendered":"https:\/\/entretormentas.com\/?p=12766"},"modified":"2025-01-26T15:48:50","modified_gmt":"2025-01-26T14:48:50","slug":"para-el-2025-alcaldia-de-san-francisco-evalua-acciones-para-la-concrecion-de-obras-y-proyectos","status":"publish","type":"post","link":"https:\/\/entretormentas.com\/para-el-2025-alcaldia-de-san-francisco-evalua-acciones-para-la-concrecion-de-obras-y-proyectos\/","title":{"rendered":"\u00a1PARA EL 2025! Alcald\u00eda de San Francisco eval\u00faa acciones para la concreci\u00f3n de obras y proyectos"},"content":{"rendered":"\n<p><strong>ENTRE TORMENTAS.<\/strong> En un primer encuentro, con el gabinete municipal, el alcalde Gustavo Fern\u00e1ndez, evalu\u00f3 las acciones a seguir para la concreci\u00f3n y consecuci\u00f3n de obras y proyectos en el municipio, durante este 2025.<\/p>\n\n\n\n<p>En la convocatoria, el mandatario municipal inform\u00f3 que sostendr\u00e1n reuniones con el Ministerio de Energ\u00eda y Petr\u00f3leo, para plantear los proyectos de gasificaci\u00f3n en otros sectores de San Francisco, mientras se contin\u00faan con los trabajos en Sierra Maestra (Mac) en la parroquia Francisco Ochoa y en el sector 24 de julio de la parroquia Domitila Flores, favoreciendo a viviendas que por m\u00e1s de 20 a\u00f1os han carecido de este imprescindible servicio.<\/p>\n\n\n\n<p>En materia de salubridad p\u00fablica se prev\u00e9 un plan preventivo masivo de fumigaci\u00f3n que comprende un trabajo en conjunto entre el Instituto P\u00fablico Municipal de la Salud (Imsasur), el Instituto Municipal de Ambiente y Aseo Urbano (Imasur) y el Cuerpo de Bomberos del municipio San Francisco, a fin de evitar la presencia de animales rastreros e insectos que puedan causar enfermedades end\u00e9micas que afecten la salud de los ciudadanos.<\/p>\n\n\n\n<figure class=\"wp-block-image size-large\"><img fetchpriority=\"high\" decoding=\"async\" width=\"1024\" height=\"682\" src=\"https:\/\/entretormentas.com\/wp-content\/uploads\/2025\/01\/image-421-1024x682.png\" alt=\"\" class=\"wp-image-12768\" srcset=\"https:\/\/entretormentas.com\/wp-content\/uploads\/2025\/01\/image-421-1024x682.png 1024w, https:\/\/entretormentas.com\/wp-content\/uploads\/2025\/01\/image-421-300x200.png 300w, https:\/\/entretormentas.com\/wp-content\/uploads\/2025\/01\/image-421-768x511.png 768w, https:\/\/entretormentas.com\/wp-content\/uploads\/2025\/01\/image-421.png 1080w\" sizes=\"(max-width: 1024px) 100vw, 1024px\" \/><\/figure>\n\n\n\n<p>En lo que respecta al Instituto P\u00fablico Municipal de la Salud (Imsasur) se estima establecer un sistema de central de citas autom\u00e1tico, a trav\u00e9s de la digitalizaci\u00f3n de la data que permitir\u00e1 atender a m\u00e1s de 800 personas por d\u00eda, donde el paciente ser\u00e1 notificado sobre el d\u00eda de la consulta, si se realiz\u00f3 alg\u00fan tipo de ex\u00e1menes de laboratorio e incluso enviar los resultados v\u00eda WhatsApp.<\/p>\n\n\n\n<p>La alcald\u00eda de San Francisco en alianza con la gobernaci\u00f3n del Zulia puso a disposici\u00f3n de los sanfranciscanos dos laboratorios, uno en Imsasur y otro en el Ambulatorio Urbano Pedro Iturbe en la parroquia El Bajo, donde se atienden un promedio de 100 pruebas de laboratorio por d\u00eda.<\/p>\n\n\n\n<p>En relaci\u00f3n a la recolecci\u00f3n de desechos s\u00f3lidos, el promedio diario es de 400 toneladas, sin embargo gracias al esfuerzo de un gran equipo, en los \u00faltimos d\u00edas se ha logrado recolectar m\u00e1s de lo que el municipio genera, lo que denota el esfuerzo que se hace para regularizar la frecuencia de recolecci\u00f3n.<\/p>\n\n\n\n<p>Poco a poco se ha venido retomando esta ardua labor por lo que las parroquias San Francisco y Francisco Ochoa cuentan nuevamente con el servicio en un 100 por ciento, mientras que en las dem\u00e1s parroquias se ha venido haciendo de manera gradual. Los corredores viales y la zona comercial siguen siendo atendidos sin ning\u00fan tipo de interrupci\u00f3n hasta dos veces por d\u00eda.<\/p>\n\n\n\n<p>Seg\u00fan lo aprobado por el Consejo de Planificaci\u00f3n P\u00fablica se continuar\u00e1 con los trabajos de semaforizaci\u00f3n, demarcaci\u00f3n y ornato en la calle 162 y avenida 5, cumpliendo con el compromiso adquirido con los residentes de estas importantes zonas de la entidad sure\u00f1a.<\/p>\n\n\n\n<p>En lo concerniente a Infraestructura se construir\u00e1 un pozo artesanal de agua para consumo humano, en el sector Santa Fe II de la parroquia Los Cortijos, beneficiando a m\u00e1s mil 500 familias.<br><strong><em>ET \/ Alcald\u00eda de San Francisco<\/em><\/strong><\/p>\n\n\n\n<p><\/p>\n","protected":false},"excerpt":{"rendered":"<p>ENTRE TORMENTAS. En un primer encuentro, con el gabinete municipal, el alcalde Gustavo Fern\u00e1ndez, evalu\u00f3&#8230;<\/p>\n","protected":false},"author":2,"featured_media":12767,"comment_status":"closed","ping_status":"open","sticky":false,"template":"","format":"standard","meta":{"footnotes":""},"categories":[1],"tags":[],"class_list":["post-12766","post","type-post","status-publish","format-standard","has-post-thumbnail","hentry","category-regionales"],"_links":{"self":[{"href":"https:\/\/entretormentas.com\/index.php?rest_route=\/wp\/v2\/posts\/12766","targetHints":{"allow":["GET"]}}],"collection":[{"href":"https:\/\/entretormentas.com\/index.php?rest_route=\/wp\/v2\/posts"}],"about":[{"href":"https:\/\/entretormentas.com\/index.php?rest_route=\/wp\/v2\/types\/post"}],"author":[{"embeddable":true,"href":"https:\/\/entretormentas.com\/index.php?rest_route=\/wp\/v2\/users\/2"}],"replies":[{"embeddable":true,"href":"https:\/\/entretormentas.com\/index.php?rest_route=%2Fwp%2Fv2%2Fcomments&post=12766"}],"version-history":[{"count":1,"href":"https:\/\/entretormentas.com\/index.php?rest_route=\/wp\/v2\/posts\/12766\/revisions"}],"predecessor-version":[{"id":12769,"href":"https:\/\/entretormentas.com\/index.php?rest_route=\/wp\/v2\/posts\/12766\/revisions\/12769"}],"wp:featuredmedia":[{"embeddable":true,"href":"https:\/\/entretormentas.com\/index.php?rest_route=\/wp\/v2\/media\/12767"}],"wp:attachment":[{"href":"https:\/\/entretormentas.com\/index.php?rest_route=%2Fwp%2Fv2%2Fmedia&parent=12766"}],"wp:term":[{"taxonomy":"category","embeddable":true,"href":"https:\/\/entretormentas.com\/index.php?rest_route=%2Fwp%2Fv2%2Fcategories&post=12766"},{"taxonomy":"post_tag","embeddable":true,"href":"https:\/\/entretormentas.com\/index.php?rest_route=%2Fwp%2Fv2%2Ftags&post=12766"}],"curies":[{"name":"wp","href":"https:\/\/api.w.org\/{rel}","templated":true}]}}