{"id":12782,"date":"2025-01-26T16:05:15","date_gmt":"2025-01-26T15:05:15","guid":{"rendered":"https:\/\/entretormentas.com\/?p=12782"},"modified":"2025-01-26T16:05:15","modified_gmt":"2025-01-26T15:05:15","slug":"con-la-gente-alcaldia-de-san-francisco-arranca-el-2025-con-una-nueva-entrega-del-programa-gota-a-gota","status":"publish","type":"post","link":"https:\/\/entretormentas.com\/con-la-gente-alcaldia-de-san-francisco-arranca-el-2025-con-una-nueva-entrega-del-programa-gota-a-gota\/","title":{"rendered":"\u00a1CON LA GENTE! Alcald\u00eda de San Francisco arranca el 2025 con una nueva entrega del programa Gota a Gota"},"content":{"rendered":"\n<p><strong>ENTRE TORMENTAS. <\/strong>Desde la alcald\u00eda de San Francisco, los programas sociales impartidos por la gesti\u00f3n del alcalde Gustavo Fern\u00e1ndez, contin\u00faan beneficiando a todos sus habitantes en las diferentes parroquias del municipio. Este a\u00f1o, el programa Gota a Gota realiz\u00f3 su primera entrega a 50 sanfranciscanos, en la cancha Jos\u00e9 Ram\u00f3n Solano, ubicada en la urb. La Coromoto, sum\u00e1ndose as\u00ed, a los mil tanques de agua asignados desde el pasado 2024.<\/p>\n\n\n\n<p>El alcalde Fern\u00e1ndez, en su intervenci\u00f3n, inform\u00f3 que para este a\u00f1o estiman aumentar considerablemente la cantidad de entregas, con el fin de mitigar la ausencia del vital l\u00edquido por tuber\u00edas, situaci\u00f3n que depende de la hidrol\u00f3gica del Estado. \u201cEstamos en una nueva jornada del programa Gota a Gota, la primera del a\u00f1o 2025, y tal como fue nuestro compromiso continuaremos avanzando por el bienestar de los ciudadanos de nuestro hermoso municipio\u201d, precis\u00f3 Fern\u00e1ndez.<\/p>\n\n\n\n<figure class=\"wp-block-image size-large\"><img fetchpriority=\"high\" decoding=\"async\" width=\"1024\" height=\"682\" src=\"https:\/\/entretormentas.com\/wp-content\/uploads\/2025\/01\/image-429-1024x682.png\" alt=\"\" class=\"wp-image-12784\" srcset=\"https:\/\/entretormentas.com\/wp-content\/uploads\/2025\/01\/image-429-1024x682.png 1024w, https:\/\/entretormentas.com\/wp-content\/uploads\/2025\/01\/image-429-300x200.png 300w, https:\/\/entretormentas.com\/wp-content\/uploads\/2025\/01\/image-429-768x512.png 768w, https:\/\/entretormentas.com\/wp-content\/uploads\/2025\/01\/image-429.png 1280w\" sizes=\"(max-width: 1024px) 100vw, 1024px\" \/><\/figure>\n\n\n\n<p>\u201cDisfruten de este beneficio que hoy les otorga el municipio San Francisco, que lo hemos hecho con muchos esfuerzos financieros, pero a la gente hay que seguirla atendiendo, aunque no es la soluci\u00f3n definitiva\u201d, resalt\u00f3 el alcalde referente a la problem\u00e1tica del agua. Tambi\u00e9n, agradeci\u00f3 a la gerencia de Desarrollo Social, liderado por Fabiana Mar\u00edn, y a todo el equipo que lo acompa\u00f1a al frente de la alcald\u00eda de San Francisco, \u201cquienes hacen f\u00e1cil lo que pareciera muy dif\u00edcil, pero Dios tiene el control de todo, y a pesar de las vicisitudes que hayamos podido atravesar, nosotros vamos a seguir avanzando en el nombre de Dios\u201d, asever\u00f3.<\/p>\n\n\n\n<p>El alcalde sure\u00f1o insisti\u00f3 en que seguir\u00e1n trabajando incansablemente por hacer de San Francisco el municipio modelo del estado Zulia como lo han hecho desde el primer d\u00eda de gesti\u00f3n. \u201cGracias a Dios por permitirnos el privilegio de dirigir los destinos de este municipio, que nos ilumine el camino, un camino que no ha sido f\u00e1cil, as\u00ed que avancemos, porque San Francisco es una tierra de paz de progreso y de libertad\u201d.<\/p>\n\n\n\n<figure class=\"wp-block-image size-large\"><img decoding=\"async\" width=\"1024\" height=\"576\" src=\"https:\/\/entretormentas.com\/wp-content\/uploads\/2025\/01\/image-430-1024x576.png\" alt=\"\" class=\"wp-image-12785\" srcset=\"https:\/\/entretormentas.com\/wp-content\/uploads\/2025\/01\/image-430-1024x576.png 1024w, https:\/\/entretormentas.com\/wp-content\/uploads\/2025\/01\/image-430-300x169.png 300w, https:\/\/entretormentas.com\/wp-content\/uploads\/2025\/01\/image-430-768x432.png 768w, https:\/\/entretormentas.com\/wp-content\/uploads\/2025\/01\/image-430.png 1080w\" sizes=\"(max-width: 1024px) 100vw, 1024px\" \/><\/figure>\n\n\n\n<p>Los beneficiados se mostraron muy satisfechos por obtener respuesta por parte del gobierno municipal. \u201cEstoy muy agradecida por este regalo que me hizo el alcalde, necesit\u00e1bamos mucho este tanque de agua para mi casa\u201d, dijo Graciela Chaparro.<\/p>\n\n\n\n<p>As\u00ed como tambi\u00e9n expres\u00f3 su agradecimiento Henry Castro, quien detall\u00f3 \u201cEl tanque de mi casa tiene una abertura y ya ten\u00eda que repararlo, gracias alcalde\u201d. Mientras que Carla Soto acot\u00f3 \u201cEstoy agradecida por este regalo, gracias a ustedes por tomarnos en cuenta, que Dios los bendiga\u201d.<br><strong><em>ET \/ Alcald\u00eda de San Francisco<\/em><\/strong><\/p>\n","protected":false},"excerpt":{"rendered":"<p>ENTRE TORMENTAS. Desde la alcald\u00eda de San Francisco, los programas sociales impartidos por la gesti\u00f3n&#8230;<\/p>\n","protected":false},"author":2,"featured_media":12783,"comment_status":"closed","ping_status":"open","sticky":false,"template":"","format":"standard","meta":{"footnotes":""},"categories":[57,1],"tags":[],"class_list":["post-12782","post","type-post","status-publish","format-standard","has-post-thumbnail","hentry","category-actualidad","category-regionales"],"_links":{"self":[{"href":"https:\/\/entretormentas.com\/index.php?rest_route=\/wp\/v2\/posts\/12782","targetHints":{"allow":["GET"]}}],"collection":[{"href":"https:\/\/entretormentas.com\/index.php?rest_route=\/wp\/v2\/posts"}],"about":[{"href":"https:\/\/entretormentas.com\/index.php?rest_route=\/wp\/v2\/types\/post"}],"author":[{"embeddable":true,"href":"https:\/\/entretormentas.com\/index.php?rest_route=\/wp\/v2\/users\/2"}],"replies":[{"embeddable":true,"href":"https:\/\/entretormentas.com\/index.php?rest_route=%2Fwp%2Fv2%2Fcomments&post=12782"}],"version-history":[{"count":1,"href":"https:\/\/entretormentas.com\/index.php?rest_route=\/wp\/v2\/posts\/12782\/revisions"}],"predecessor-version":[{"id":12786,"href":"https:\/\/entretormentas.com\/index.php?rest_route=\/wp\/v2\/posts\/12782\/revisions\/12786"}],"wp:featuredmedia":[{"embeddable":true,"href":"https:\/\/entretormentas.com\/index.php?rest_route=\/wp\/v2\/media\/12783"}],"wp:attachment":[{"href":"https:\/\/entretormentas.com\/index.php?rest_route=%2Fwp%2Fv2%2Fmedia&parent=12782"}],"wp:term":[{"taxonomy":"category","embeddable":true,"href":"https:\/\/entretormentas.com\/index.php?rest_route=%2Fwp%2Fv2%2Fcategories&post=12782"},{"taxonomy":"post_tag","embeddable":true,"href":"https:\/\/entretormentas.com\/index.php?rest_route=%2Fwp%2Fv2%2Ftags&post=12782"}],"curies":[{"name":"wp","href":"https:\/\/api.w.org\/{rel}","templated":true}]}}