{"id":12806,"date":"2025-01-26T16:21:57","date_gmt":"2025-01-26T15:21:57","guid":{"rendered":"https:\/\/entretormentas.com\/?p=12806"},"modified":"2025-01-26T16:21:58","modified_gmt":"2025-01-26T15:21:58","slug":"iraida-villasmil-desde-el-clezulia-yo-reconozco-a-la-autoridad-que-esta-en-miraflores","status":"publish","type":"post","link":"https:\/\/entretormentas.com\/iraida-villasmil-desde-el-clezulia-yo-reconozco-a-la-autoridad-que-esta-en-miraflores\/","title":{"rendered":"IRAIDA VILLASMIL DESDE EL CLEZULIA: \u00abYo reconozco a la autoridad que est\u00e1 en Miraflores\u00bb"},"content":{"rendered":"\n<p><strong>ENTRE TORMENTAS. <\/strong>Para el pr\u00f3ximo martes 28 de enero en sesi\u00f3n del parlamento zuliano se tiene previsto que se discuta el proyecto de acuerdo para el reconocimiento de Nicol\u00e1s Maduro como presidente de Venezuela. Por ello, la legisladora, Iraida Villasmil, presidente del Clezulia, expres\u00f3 que en concordancia con la constitucionalidad y la leyes, y en pro de la paz del pa\u00eds y del estado, se prev\u00e9 revisar y discutir en sesi\u00f3n dicho acuerdo.<\/p>\n\n\n\n<p>Iraida Villasmil destac\u00f3 que como representante del poder legislativo del estado Zulia \u00abyo reconozco a la autoridad que est\u00e1 en Miraflores\u00bb, la cual la jurament\u00f3 el mismo poder legislativo nacional.<\/p>\n\n\n\n<p>Para la legisladora es necesario mantener el equilibrio y el respeto constitucional para evitar un enfrentamiento de poderes, ya que el documento del acuerdo presentado por el diputado Enmanuel Pulgar de la bancada oficialista que se discutir\u00e1 en la pr\u00f3xima sesi\u00f3n, lo que traduce es una legalidad que existe en el pa\u00eds, y el respeto que se debe tener a esa realidad.<\/p>\n\n\n\n<p>En cuanto a la participaci\u00f3n en las elecciones que se realizar\u00e1n en este 2025 en el Zulia y el resto del territorio nacional, Iraida Villasmil expres\u00f3 que como vicepresidenta regional de UNT est\u00e1n en constante comunicaci\u00f3n con cada uno de los integrantes de esta tolda para evaluar lo que m\u00e1s le conviene al pa\u00eds, y entendiendo los retos y el sentimiento de un colectivo que est\u00e1 pidiendo la participaci\u00f3n de los pol\u00edticos y los nuevos tiempos.<br><strong><em>ET \/ RDN<\/em><\/strong><\/p>\n","protected":false},"excerpt":{"rendered":"<p>ENTRE TORMENTAS. Para el pr\u00f3ximo martes 28 de enero en sesi\u00f3n del parlamento zuliano se&#8230;<\/p>\n","protected":false},"author":2,"featured_media":12807,"comment_status":"closed","ping_status":"open","sticky":false,"template":"","format":"standard","meta":{"footnotes":""},"categories":[56,1],"tags":[],"class_list":["post-12806","post","type-post","status-publish","format-standard","has-post-thumbnail","hentry","category-destacadas","category-regionales"],"_links":{"self":[{"href":"https:\/\/entretormentas.com\/index.php?rest_route=\/wp\/v2\/posts\/12806","targetHints":{"allow":["GET"]}}],"collection":[{"href":"https:\/\/entretormentas.com\/index.php?rest_route=\/wp\/v2\/posts"}],"about":[{"href":"https:\/\/entretormentas.com\/index.php?rest_route=\/wp\/v2\/types\/post"}],"author":[{"embeddable":true,"href":"https:\/\/entretormentas.com\/index.php?rest_route=\/wp\/v2\/users\/2"}],"replies":[{"embeddable":true,"href":"https:\/\/entretormentas.com\/index.php?rest_route=%2Fwp%2Fv2%2Fcomments&post=12806"}],"version-history":[{"count":1,"href":"https:\/\/entretormentas.com\/index.php?rest_route=\/wp\/v2\/posts\/12806\/revisions"}],"predecessor-version":[{"id":12808,"href":"https:\/\/entretormentas.com\/index.php?rest_route=\/wp\/v2\/posts\/12806\/revisions\/12808"}],"wp:featuredmedia":[{"embeddable":true,"href":"https:\/\/entretormentas.com\/index.php?rest_route=\/wp\/v2\/media\/12807"}],"wp:attachment":[{"href":"https:\/\/entretormentas.com\/index.php?rest_route=%2Fwp%2Fv2%2Fmedia&parent=12806"}],"wp:term":[{"taxonomy":"category","embeddable":true,"href":"https:\/\/entretormentas.com\/index.php?rest_route=%2Fwp%2Fv2%2Fcategories&post=12806"},{"taxonomy":"post_tag","embeddable":true,"href":"https:\/\/entretormentas.com\/index.php?rest_route=%2Fwp%2Fv2%2Ftags&post=12806"}],"curies":[{"name":"wp","href":"https:\/\/api.w.org\/{rel}","templated":true}]}}